{"id":161772,"date":"2021-02-02T15:02:55","date_gmt":"2021-02-02T14:02:55","guid":{"rendered":"https:\/\/zjarr.tv\/?p=161772"},"modified":"2021-02-02T15:02:55","modified_gmt":"2021-02-02T14:02:55","slug":"kryeministri-rama-flet-hapur-ja-deri-ne-cilin-vit-do-te-jemi-ne-pushtet","status":"publish","type":"post","link":"https:\/\/zjarr.tv\/sq\/kryeministri-rama-flet-hapur-ja-deri-ne-cilin-vit-do-te-jemi-ne-pushtet\/","title":{"rendered":"Kryeministri Rama flet hapur: Ja deri n\u00eb cilin vit do t\u00eb jemi n\u00eb pushtet\u2026"},"content":{"rendered":"<p>Kryeministri Rama, \u00ebsht\u00eb shprehur i bindur se; Partia Socialiste, do t\u00eb jet\u00eb n\u00eb pushtet edhe p\u00ebr 10 vitet e ardhshme. Kryeministri, u \u00ebsht\u00eb p\u00ebrgjigjur gazetar\u00ebve duke th\u00ebn\u00eb se; qeveria ka b\u00ebr\u00eb pun\u00eb \u00e7do dit\u00eb t\u00eb dy mandateve.<\/p>\n<p><em style=\"font-weight: inherit;\">\u201cNuk kemi akoma 8 vite n\u00eb qeveri, se kemi filluar n\u00eb fillim t\u00eb shtatorit t\u00eb 2013. Dit\u00ebt, jav\u00ebt dhe vitet tona jan\u00eb mbushur me pun\u00eb dhe kur t\u00eb b\u00ebhen 8 do kemi b\u00ebr\u00eb m\u00eb shum\u00eb pun\u00eb. Programi yn\u00eb \u00ebsht\u00eb i ditur publikisht.<\/em><\/p>\n","protected":false},"excerpt":{"rendered":"<p>Kryeministri Rama, \u00ebsht\u00eb shprehur i bindur se; Partia Socialiste, do t\u00eb jet\u00eb n\u00eb pushtet edhe p\u00ebr 10 vitet e ardhshme. Kryeministri, u \u00ebsht\u00eb p\u00ebrgjigjur gazetar\u00ebve duke th\u00ebn\u00eb se; qeveria ka b\u00ebr\u00eb pun\u00eb \u00e7do dit\u00eb t\u00eb dy mandateve. \u201cNuk kemi akoma 8 vite n\u00eb qeveri, se kemi filluar n\u00eb fillim t\u00eb shtatorit t\u00eb 2013. Dit\u00ebt, jav\u00ebt [&hellip;]<\/p>\n","protected":false},"author":2016,"featured_media":161774,"comment_status":"closed","ping_status":"closed","sticky":false,"template":"","format":"standard","meta":{"footnotes":""},"categories":[241],"tags":[],"class_list":{"0":"post-161772","1":"post","2":"type-post","3":"status-publish","4":"format-standard","5":"has-post-thumbnail","7":"category-aktualitet"},"_links":{"self":[{"href":"https:\/\/zjarr.tv\/sq\/wp-json\/wp\/v2\/posts\/161772","targetHints":{"allow":["GET"]}}],"collection":[{"href":"https:\/\/zjarr.tv\/sq\/wp-json\/wp\/v2\/posts"}],"about":[{"href":"https:\/\/zjarr.tv\/sq\/wp-json\/wp\/v2\/types\/post"}],"author":[{"embeddable":true,"href":"https:\/\/zjarr.tv\/sq\/wp-json\/wp\/v2\/users\/2016"}],"replies":[{"embeddable":true,"href":"https:\/\/zjarr.tv\/sq\/wp-json\/wp\/v2\/comments?post=161772"}],"version-history":[{"count":0,"href":"https:\/\/zjarr.tv\/sq\/wp-json\/wp\/v2\/posts\/161772\/revisions"}],"wp:featuredmedia":[{"embeddable":true,"href":"https:\/\/zjarr.tv\/sq\/wp-json\/wp\/v2\/media\/161774"}],"wp:attachment":[{"href":"https:\/\/zjarr.tv\/sq\/wp-json\/wp\/v2\/media?parent=161772"}],"wp:term":[{"taxonomy":"category","embeddable":true,"href":"https:\/\/zjarr.tv\/sq\/wp-json\/wp\/v2\/categories?post=161772"},{"taxonomy":"post_tag","embeddable":true,"href":"https:\/\/zjarr.tv\/sq\/wp-json\/wp\/v2\/tags?post=161772"}],"curies":[{"name":"wp","href":"https:\/\/api.w.org\/{rel}","templated":true}]}}