{"id":161780,"date":"2021-02-02T16:14:08","date_gmt":"2021-02-02T15:14:08","guid":{"rendered":"https:\/\/zjarr.tv\/?p=161780"},"modified":"2021-02-02T16:15:55","modified_gmt":"2021-02-02T15:15:55","slug":"turqia-drejt-diktatures-erdogan-propozon-ndryshimin-e-kushtetutes-se-republikes","status":"publish","type":"post","link":"https:\/\/zjarr.tv\/sq\/turqia-drejt-diktatures-erdogan-propozon-ndryshimin-e-kushtetutes-se-republikes\/","title":{"rendered":"Turqia drejt diktatur\u00ebs\/Erdogan propozon ndryshimin e Kushtetut\u00ebs s\u00eb Republik\u00ebs"},"content":{"rendered":"<p>N\u00eb nj\u00eb koment t\u00eb papritur t\u00eb h\u00ebn\u00ebn, Presidenti turk Recep Tayyip Erdogan tha se Turqis\u00eb i duhet nj\u00eb kushtetut\u00eb e re \u201ccivile\u201d.<\/p>\n<p>\u201cNdoshta ka ardhur koha q\u00eb Turqia t\u00eb debatoj\u00eb nj\u00eb kushtetut\u00eb t\u00eb re. Puna duhet b\u00ebr\u00eb para njer\u00ebzve, me angazhimin e pjes\u00ebmarr\u00ebsve t\u00eb tyre n\u00eb nj\u00eb form\u00eb transparente dhe formulimi t\u00eb ket\u00eb miratimin e popullit\u201d.<\/p>\n<p>Gjat\u00eb nj\u00eb fjalimi t\u00eb transmetuar n\u00eb televizion, presidenti turk kujtoi se dy kushtetutat e fundit: ajo e vitit 1961 dhe ajo e vitit 1982 ishin hartuar pas dy grushteve ushtarake shteti dhe kishin gjurm\u00eb \u201ct\u00eb pashlyeshme\u201d t\u00eb \u201ctutel\u00ebs ushtarake\u201d.<\/p>\n<p>Udh\u00ebheq\u00ebsi turk tha se kushtetuta e re duhet t\u00eb jet\u00eb \u201ccivile\u201d por pa ofruar holl\u00ebsi.<\/p>\n<p>Ai shtoi se do ta diskutonte k\u00ebt\u00eb \u00e7\u00ebshtje me aleat\u00ebt e partis\u00eb s\u00eb tij.<\/p>\n<p>N\u00eb vitin 2018, Turqia kaloi nga nj\u00eb sistem parlamentar n\u00eb nj\u00eb sistem presidencial ku presidenti ka kompetenca t\u00eb zgjeruara. Tranzicioni pasoi nj\u00eb referendum q\u00eb ndryshoi shum\u00eb nene t\u00eb kushtetut\u00ebs s\u00eb vitit 1982.<\/p>\n<p>&nbsp;<\/p>\n","protected":false},"excerpt":{"rendered":"<p>N\u00eb nj\u00eb koment t\u00eb papritur t\u00eb h\u00ebn\u00ebn, Presidenti turk Recep Tayyip Erdogan tha se Turqis\u00eb i duhet nj\u00eb kushtetut\u00eb e re \u201ccivile\u201d. \u201cNdoshta ka ardhur koha q\u00eb Turqia t\u00eb debatoj\u00eb nj\u00eb kushtetut\u00eb t\u00eb re. Puna duhet b\u00ebr\u00eb para njer\u00ebzve, me angazhimin e pjes\u00ebmarr\u00ebsve t\u00eb tyre n\u00eb nj\u00eb form\u00eb transparente dhe formulimi t\u00eb ket\u00eb miratimin e [&hellip;]<\/p>\n","protected":false},"author":2031,"featured_media":161783,"comment_status":"closed","ping_status":"closed","sticky":false,"template":"","format":"standard","meta":{"footnotes":""},"categories":[231],"tags":[],"class_list":{"0":"post-161780","1":"post","2":"type-post","3":"status-publish","4":"format-standard","5":"has-post-thumbnail","7":"category-lajme"},"_links":{"self":[{"href":"https:\/\/zjarr.tv\/sq\/wp-json\/wp\/v2\/posts\/161780","targetHints":{"allow":["GET"]}}],"collection":[{"href":"https:\/\/zjarr.tv\/sq\/wp-json\/wp\/v2\/posts"}],"about":[{"href":"https:\/\/zjarr.tv\/sq\/wp-json\/wp\/v2\/types\/post"}],"author":[{"embeddable":true,"href":"https:\/\/zjarr.tv\/sq\/wp-json\/wp\/v2\/users\/2031"}],"replies":[{"embeddable":true,"href":"https:\/\/zjarr.tv\/sq\/wp-json\/wp\/v2\/comments?post=161780"}],"version-history":[{"count":0,"href":"https:\/\/zjarr.tv\/sq\/wp-json\/wp\/v2\/posts\/161780\/revisions"}],"wp:featuredmedia":[{"embeddable":true,"href":"https:\/\/zjarr.tv\/sq\/wp-json\/wp\/v2\/media\/161783"}],"wp:attachment":[{"href":"https:\/\/zjarr.tv\/sq\/wp-json\/wp\/v2\/media?parent=161780"}],"wp:term":[{"taxonomy":"category","embeddable":true,"href":"https:\/\/zjarr.tv\/sq\/wp-json\/wp\/v2\/categories?post=161780"},{"taxonomy":"post_tag","embeddable":true,"href":"https:\/\/zjarr.tv\/sq\/wp-json\/wp\/v2\/tags?post=161780"}],"curies":[{"name":"wp","href":"https:\/\/api.w.org\/{rel}","templated":true}]}}