{"id":161788,"date":"2021-02-02T16:25:08","date_gmt":"2021-02-02T15:25:08","guid":{"rendered":"https:\/\/zjarr.tv\/?p=161788"},"modified":"2021-02-02T16:25:08","modified_gmt":"2021-02-02T15:25:08","slug":"narta-pushtohet-nga-plehrat-plastika-perfundon-ne-detin-e-vlores","status":"publish","type":"post","link":"https:\/\/zjarr.tv\/sq\/narta-pushtohet-nga-plehrat-plastika-perfundon-ne-detin-e-vlores\/","title":{"rendered":"Narta pushtohet nga plehrat, plastika p\u00ebrfundon n\u00eb detin e Vlor\u00ebs"},"content":{"rendered":"<p>Ndotja kolosale e zon\u00ebs s\u00eb mbrojtur Vjos\u00eb-Nart\u00eb \u00ebsht\u00eb nj\u00eb fenomen p\u00ebr t\u00eb cilin jan\u00eb n\u00eb dijeni t\u00eb gjith\u00eb institucionet.\u00a0 Zona e mbrojtur, konkretisht n\u00eb af\u00ebrsi t\u00eb fshatit Mifol, pran\u00eb shtratit t\u00eb lumit ka vite q\u00eb \u00ebsht\u00eb kthyer n\u00eb vendgrumbullim mbeturinash, dhe kjo me lejen e vet\u00eb nj\u00ebsis\u00eb Administrative Novosel\u00eb.<\/p>\n<p>T\u00eb gjitha k\u00ebto mbeturina p\u00ebrfundojn\u00eb n\u00eb lum\u00eb me vet\u00ebm nj\u00eb shi t\u00eb r\u00ebn\u00eb. P\u00ebrgjigjja e dh\u00ebn\u00eb nga nj.a pas ngritjes s\u00eb shqet\u00ebsimit p\u00ebr plastik\u00ebn q\u00eb shkon n\u00eb det, \u00ebsht\u00eb se: deri n\u00eb nd\u00ebrtimin e landfillit mbeturinat nuk kan\u00eb ku t\u00eb hidhen.<\/p>\n<p>Sa i takon agjencis\u00eb s\u00eb zonave t\u00eb mbrojtura, edhe pse \u00ebsht\u00eb n\u00eb dijeni, vec gjob\u00ebs ndaj nj.a disa vite m\u00eb par\u00eb,\u00a0 nuk ka dh\u00ebn\u00eb asnj\u00eb zgjidhje.<\/p>\n<p>Nd\u00ebrsa me heshtjen dhe neglizhenc\u00ebn e agjencis\u00eb s\u00eb mjedisit, asaj t\u00eb zonave t\u00eb mbrojtura, bashkis\u00eb apo nj.a, ajo q\u00eb vijon t\u00eb d\u00ebmtohet \u00ebsht\u00eb laguna, lumi dhe deti nga tonelata plastik\u00eb q\u00eb nj.a Novosel\u00eb zgjedh ti hedh pik\u00ebrisht k\u00ebtu.<\/p>\n","protected":false},"excerpt":{"rendered":"<p>Ndotja kolosale e zon\u00ebs s\u00eb mbrojtur Vjos\u00eb-Nart\u00eb \u00ebsht\u00eb nj\u00eb fenomen p\u00ebr t\u00eb cilin jan\u00eb n\u00eb dijeni t\u00eb gjith\u00eb institucionet.\u00a0 Zona e mbrojtur, konkretisht n\u00eb af\u00ebrsi t\u00eb fshatit Mifol, pran\u00eb shtratit t\u00eb lumit ka vite q\u00eb \u00ebsht\u00eb kthyer n\u00eb vendgrumbullim mbeturinash, dhe kjo me lejen e vet\u00eb nj\u00ebsis\u00eb Administrative Novosel\u00eb. T\u00eb gjitha k\u00ebto mbeturina p\u00ebrfundojn\u00eb n\u00eb [&hellip;]<\/p>\n","protected":false},"author":2031,"featured_media":161789,"comment_status":"closed","ping_status":"closed","sticky":false,"template":"","format":"standard","meta":{"footnotes":""},"categories":[231],"tags":[],"class_list":{"0":"post-161788","1":"post","2":"type-post","3":"status-publish","4":"format-standard","5":"has-post-thumbnail","7":"category-lajme"},"_links":{"self":[{"href":"https:\/\/zjarr.tv\/sq\/wp-json\/wp\/v2\/posts\/161788","targetHints":{"allow":["GET"]}}],"collection":[{"href":"https:\/\/zjarr.tv\/sq\/wp-json\/wp\/v2\/posts"}],"about":[{"href":"https:\/\/zjarr.tv\/sq\/wp-json\/wp\/v2\/types\/post"}],"author":[{"embeddable":true,"href":"https:\/\/zjarr.tv\/sq\/wp-json\/wp\/v2\/users\/2031"}],"replies":[{"embeddable":true,"href":"https:\/\/zjarr.tv\/sq\/wp-json\/wp\/v2\/comments?post=161788"}],"version-history":[{"count":0,"href":"https:\/\/zjarr.tv\/sq\/wp-json\/wp\/v2\/posts\/161788\/revisions"}],"wp:featuredmedia":[{"embeddable":true,"href":"https:\/\/zjarr.tv\/sq\/wp-json\/wp\/v2\/media\/161789"}],"wp:attachment":[{"href":"https:\/\/zjarr.tv\/sq\/wp-json\/wp\/v2\/media?parent=161788"}],"wp:term":[{"taxonomy":"category","embeddable":true,"href":"https:\/\/zjarr.tv\/sq\/wp-json\/wp\/v2\/categories?post=161788"},{"taxonomy":"post_tag","embeddable":true,"href":"https:\/\/zjarr.tv\/sq\/wp-json\/wp\/v2\/tags?post=161788"}],"curies":[{"name":"wp","href":"https:\/\/api.w.org\/{rel}","templated":true}]}}