{"id":161793,"date":"2021-02-02T16:39:34","date_gmt":"2021-02-02T15:39:34","guid":{"rendered":"https:\/\/zjarr.tv\/?p=161793"},"modified":"2021-02-02T16:39:34","modified_gmt":"2021-02-02T15:39:34","slug":"erjoni-i-perputhen-produksioni-duhet-te-ndiqet-penalisht-per-mashtrim-dhe-shantazh-ndaj-konkurrenteve","status":"publish","type":"post","link":"https:\/\/zjarr.tv\/sq\/erjoni-i-perputhen-produksioni-duhet-te-ndiqet-penalisht-per-mashtrim-dhe-shantazh-ndaj-konkurrenteve\/","title":{"rendered":"Erjoni i \u2018P\u00ebrputhen\u2019: Produksioni duhet t\u00eb ndiqet penalisht p\u00ebr mashtrim dhe shantazh ndaj konkurrent\u00ebve"},"content":{"rendered":"<p>Skandali Tea-Beart-Andi ka nxitur reagime t\u00eb shumta n\u00eb publik, ngase rreth t\u00eb v\u00ebrtet\u00ebs thuhen dy an\u00eb si nga produksioni ashtu nga konkurrent\u00ebt, shkruan lajmi.net.<\/p>\n<p>Lidhur me k\u00ebt\u00eb ish-konkurrenti i P\u00ebrputhen, Erjon Geca me an\u00eb t\u00eb disa postimeve ka deklaruar se produksioni e dinte p\u00ebr lidhjen e Teas me Beartin. e an\u00eb t\u00eb nj\u00eb tjet\u00ebr postimi, ai tha se produksioni kishte nisur proces gjyq\u00ebsor ndaj Beartit, por e kishte dalur ky, nd\u00ebrsa thot\u00eb se pik\u00ebrisht produksioni duhet t\u00eb paditet.<\/p>\n<p>\u201cPo po e keni cuar @beartrexhepi ne proces gjyqsore por merni info tek produksioni se kush kishte nderhyre per te terhequr ate proces se mduket isha un ai qe zbuta marrdheniet e paleve produksioni e di kete gje le ta mohoje po deshi. Dhe pas nje marreveshje procesi u anulua dhe tani na thot produksioni se spaska cuar asnjerin ppffff kot e keni sa me shm mundoheni te dilni te paster aq me teper do ndoteni. Eshte produksioni qe duhet te ndiqet penalisht per \u201cmashtrim per arsye perfitimi\u201d- \u201cprishje imazhi\u201d shantazh ndaj konkurrenteve\u201d, shkroi a<\/p>\n<p>&nbsp;<\/p>\n<h1><\/h1>\n<h1><\/h1>\n<p>&nbsp;<\/p>\n","protected":false},"excerpt":{"rendered":"<p>Skandali Tea-Beart-Andi ka nxitur reagime t\u00eb shumta n\u00eb publik, ngase rreth t\u00eb v\u00ebrtet\u00ebs thuhen dy an\u00eb si nga produksioni ashtu nga konkurrent\u00ebt, shkruan lajmi.net. Lidhur me k\u00ebt\u00eb ish-konkurrenti i P\u00ebrputhen, Erjon Geca me an\u00eb t\u00eb disa postimeve ka deklaruar se produksioni e dinte p\u00ebr lidhjen e Teas me Beartin. e an\u00eb t\u00eb nj\u00eb tjet\u00ebr postimi, [&hellip;]<\/p>\n","protected":false},"author":2031,"featured_media":161794,"comment_status":"closed","ping_status":"closed","sticky":false,"template":"","format":"standard","meta":{"footnotes":""},"categories":[193],"tags":[],"class_list":{"0":"post-161793","1":"post","2":"type-post","3":"status-publish","4":"format-standard","5":"has-post-thumbnail","7":"category-showbiz"},"_links":{"self":[{"href":"https:\/\/zjarr.tv\/sq\/wp-json\/wp\/v2\/posts\/161793","targetHints":{"allow":["GET"]}}],"collection":[{"href":"https:\/\/zjarr.tv\/sq\/wp-json\/wp\/v2\/posts"}],"about":[{"href":"https:\/\/zjarr.tv\/sq\/wp-json\/wp\/v2\/types\/post"}],"author":[{"embeddable":true,"href":"https:\/\/zjarr.tv\/sq\/wp-json\/wp\/v2\/users\/2031"}],"replies":[{"embeddable":true,"href":"https:\/\/zjarr.tv\/sq\/wp-json\/wp\/v2\/comments?post=161793"}],"version-history":[{"count":0,"href":"https:\/\/zjarr.tv\/sq\/wp-json\/wp\/v2\/posts\/161793\/revisions"}],"wp:featuredmedia":[{"embeddable":true,"href":"https:\/\/zjarr.tv\/sq\/wp-json\/wp\/v2\/media\/161794"}],"wp:attachment":[{"href":"https:\/\/zjarr.tv\/sq\/wp-json\/wp\/v2\/media?parent=161793"}],"wp:term":[{"taxonomy":"category","embeddable":true,"href":"https:\/\/zjarr.tv\/sq\/wp-json\/wp\/v2\/categories?post=161793"},{"taxonomy":"post_tag","embeddable":true,"href":"https:\/\/zjarr.tv\/sq\/wp-json\/wp\/v2\/tags?post=161793"}],"curies":[{"name":"wp","href":"https:\/\/api.w.org\/{rel}","templated":true}]}}