{"id":161807,"date":"2021-02-02T17:15:46","date_gmt":"2021-02-02T16:15:46","guid":{"rendered":"https:\/\/zjarr.tv\/?p=161807"},"modified":"2021-02-02T17:15:46","modified_gmt":"2021-02-02T16:15:46","slug":"trembedhjete-ceshtje-ne-kushtetuese-kalendari-shkurt-mars-harrohen-dosjet-e-nxehta-te-politikes","status":"publish","type":"post","link":"https:\/\/zjarr.tv\/sq\/trembedhjete-ceshtje-ne-kushtetuese-kalendari-shkurt-mars-harrohen-dosjet-e-nxehta-te-politikes\/","title":{"rendered":"Tremb\u00ebdhjet\u00eb \u00e7\u00ebshtje n\u00eb Kushtetuese\/ Kalendari shkurt-mars \u201charrohen\u201d dosjet e nxehta t\u00eb politik\u00ebs"},"content":{"rendered":"<p>Gjykata Kushtetuese ka publikuar n\u00eb kalendarin e saj \u00e7\u00ebshtjet q\u00eb do t\u00eb shqyrtoj\u00eb deri m\u00eb dat\u00ebn 9 mars. Por deri tani nuk b\u00ebhet me dije se kur do t\u00eb shqyrtohen \u00e7\u00ebshtjet e ashtuquajtura t\u00eb nxehta, si zgjedhjet lokale t\u00eb 2019-s, ligji p\u00ebr teatrin, Kodi Zgjedhor apo kompetencat e Presidentit t\u00eb Republik\u00ebs n\u00eb dekretimin e ministrave\u201d.<\/p>\n<p>Tremb\u00ebdhjet\u00eb seanca gjyq\u00ebsore parashikojn\u00eb t\u00eb zhvillojn\u00eb gjat\u00eb muajit shkurt dhe 9 dit\u00ebt e para t\u00eb marsit, 7 gjyqtar\u00ebt e Gjykat\u00ebs Kushtetuese t\u00eb cil\u00ebt e nis\u00ebn pun\u00ebn zyrtarisht me vendimin e par\u00eb t\u00eb marr\u00eb pas m\u00eb shum\u00eb se 2 vitesh, m\u00eb 26 janar.<\/p>\n<p>T\u00eb enjten Kushtetuesja do t\u00eb marr\u00eb n\u00eb shqyrtim n\u00eb seanc\u00eb plenare padin\u00eb e Shoqat\u00ebs Pron\u00ebsi me Drejt\u00ebsi kund\u00ebr ligjit \u201cP\u00ebr trajtimin e pron\u00ebs dhe p\u00ebrfundimin e procesit t\u00eb kompensimit t\u00eb pronave\u201d. N\u00eb 18 shkurt parashikohet edhe shqyrtimi i ankimit t\u00eb kryetarit t\u00eb Kontrollit t\u00eb Lart\u00eb t\u00eb Shtetit, i cili kund\u00ebrshton ligjin q\u00eb detyron k\u00ebt\u00eb institucion t\u00eb auditoj\u00eb bashkit\u00eb e vendit 1 her\u00eb n\u00eb vit.<\/p>\n<p>Nd\u00ebrkoh\u00eb, me interes \u00ebsht\u00eb seanca e parashikuar p\u00ebr t\u2019u zhvilluar m\u00eb 2 mars, ku Kushtetuesja do t\u00eb shqyrtoj\u00eb padin\u00eb e Partis\u00eb Republikane e cila k\u00ebrkon shfuqizimin e aktit normative q\u00eb ndalon tubimet politike, me arsyetimin se d\u00ebmton partit\u00eb e vogla n\u00eb fushat\u00ebn elektorale p\u00ebr zgjedhjet e 25 prillit.<\/p>\n<p>Gjykata Kushtetuese ka lajm\u00ebruar se p\u00ebr shkak t\u00eb situat\u00ebs dhe rregullave n\u00eb fuqi t\u00eb shkaktuara nga pandemia,zhvillimi i seancave plenare do t\u00eb kryhet pa pranin\u00eb e publiku<\/p>\n<p>&nbsp;<\/p>\n<p>&nbsp;<\/p>\n","protected":false},"excerpt":{"rendered":"<p>Gjykata Kushtetuese ka publikuar n\u00eb kalendarin e saj \u00e7\u00ebshtjet q\u00eb do t\u00eb shqyrtoj\u00eb deri m\u00eb dat\u00ebn 9 mars. Por deri tani nuk b\u00ebhet me dije se kur do t\u00eb shqyrtohen \u00e7\u00ebshtjet e ashtuquajtura t\u00eb nxehta, si zgjedhjet lokale t\u00eb 2019-s, ligji p\u00ebr teatrin, Kodi Zgjedhor apo kompetencat e Presidentit t\u00eb Republik\u00ebs n\u00eb dekretimin e ministrave\u201d. [&hellip;]<\/p>\n","protected":false},"author":2031,"featured_media":161808,"comment_status":"closed","ping_status":"closed","sticky":false,"template":"","format":"standard","meta":{"footnotes":""},"categories":[1],"tags":[],"class_list":{"0":"post-161807","1":"post","2":"type-post","3":"status-publish","4":"format-standard","5":"has-post-thumbnail","7":"category-uncategorized-sq"},"_links":{"self":[{"href":"https:\/\/zjarr.tv\/sq\/wp-json\/wp\/v2\/posts\/161807","targetHints":{"allow":["GET"]}}],"collection":[{"href":"https:\/\/zjarr.tv\/sq\/wp-json\/wp\/v2\/posts"}],"about":[{"href":"https:\/\/zjarr.tv\/sq\/wp-json\/wp\/v2\/types\/post"}],"author":[{"embeddable":true,"href":"https:\/\/zjarr.tv\/sq\/wp-json\/wp\/v2\/users\/2031"}],"replies":[{"embeddable":true,"href":"https:\/\/zjarr.tv\/sq\/wp-json\/wp\/v2\/comments?post=161807"}],"version-history":[{"count":0,"href":"https:\/\/zjarr.tv\/sq\/wp-json\/wp\/v2\/posts\/161807\/revisions"}],"wp:featuredmedia":[{"embeddable":true,"href":"https:\/\/zjarr.tv\/sq\/wp-json\/wp\/v2\/media\/161808"}],"wp:attachment":[{"href":"https:\/\/zjarr.tv\/sq\/wp-json\/wp\/v2\/media?parent=161807"}],"wp:term":[{"taxonomy":"category","embeddable":true,"href":"https:\/\/zjarr.tv\/sq\/wp-json\/wp\/v2\/categories?post=161807"},{"taxonomy":"post_tag","embeddable":true,"href":"https:\/\/zjarr.tv\/sq\/wp-json\/wp\/v2\/tags?post=161807"}],"curies":[{"name":"wp","href":"https:\/\/api.w.org\/{rel}","templated":true}]}}