{"id":161812,"date":"2021-02-02T17:25:57","date_gmt":"2021-02-02T16:25:57","guid":{"rendered":"https:\/\/zjarr.tv\/?p=161812"},"modified":"2021-02-03T10:59:02","modified_gmt":"2021-02-03T09:59:02","slug":"nga-pasuria-familjare-tek-bursa-e-studimit-ne-itali-zbardhen-deklarimet-e-mimi-kodhelit","status":"publish","type":"post","link":"https:\/\/zjarr.tv\/sq\/nga-pasuria-familjare-tek-bursa-e-studimit-ne-itali-zbardhen-deklarimet-e-mimi-kodhelit\/","title":{"rendered":"Nga pasuria familjare tek bursa e studimit n\u00eb Itali\/ Zbardhen deklarimet e Mimi Kodhelit"},"content":{"rendered":"<p>Mimi Kodheli u zgjodh ministre e Mbrojtjes n\u00eb kabinetin e kryeministrit Edi Rama pas zgjedhjeve parlamentare t\u00eb vitit 2003 dhe u largua nga qeveria n\u00eb shtator 2017.<\/p>\n<p>Mimi Kodheli \u00ebsht\u00eb Doktorante e Shkencave Ekonomike nga Universiteti i Veron\u00ebs, Itali, n\u00eb bashk\u00ebpunim me Universitetin e Tiran\u00ebs, Fakulteti Ekonomik, prej vitit 2007. Ka nj\u00eb Master n\u00eb Administrim Biznesi nga Universiteti i Lincoln, Nebraska, SHBA n\u00eb bashk\u00ebpunim me Universitetin e Tiran\u00ebs prej vitit 2000, si dhe \u00ebsht\u00eb diplomuar n\u00eb Universitetin e Tiran\u00ebs, Fakulteti Ekonomik, Dega Financ\u00eb n\u00eb vitin 1986.<\/p>\n<p>Znj. Kodheli ka hyr\u00eb n\u00eb politik\u00eb n\u00eb vitin 2002, kur edhe u b\u00eb n\u00ebnkryetare e Bashkis\u00eb s\u00eb Tiran\u00ebs. N\u00eb vitin 2005, ajo u em\u00ebrua prefekte e Qarkut t\u00eb Tiran\u00ebs dhe prej vitit 2009 \u00ebsht\u00eb deputete e Kuvendit t\u00eb Shqip\u00ebris\u00eb. Prej 4 vitesh, Znj. Kodheli drejton Komisionin p\u00ebr Politik\u00ebn e Jashtme.<\/p>\n<p>Ky raport \u00ebsht\u00eb prodhuar nga BIRN pas administrimit t\u00eb deklaratave t\u00eb pasuris\u00eb s\u00eb ish-ministres Mimi Kodheli nga Inspektoriati i Lart\u00eb i Deklarimit dhe Kontrollit t\u00eb Pasurive dhe Konfliktit t\u00eb Interesit, ILDKPKI. Ai ka p\u00ebr q\u00ebllim b\u00ebrjen e transparenc\u00ebs mbi pasurit\u00eb e an\u00ebtar\u00ebve apo ish-an\u00ebtar\u00ebve t\u00eb K\u00ebshillit t\u00eb Ministrave gjat\u00eb viteve 2013-2020.<\/p>\n<p>N\u00eb deklarat\u00ebn e par\u00eb t\u00eb dor\u00ebzuar n\u00eb ILDKPKI n\u00eb vitin 2005, Mimi Kodheli deklaronte pasuri familjare me vler\u00eb 7.8 milion\u00eb lek\u00eb, nd\u00ebrsa n\u00eb fund t\u00eb vitit 2018, pasuria familjare kap vler\u00ebn e 19.8 milion\u00eb lek\u00ebve.<\/p>\n<p>Znj. Kodheli deklaron familjarisht pasuri t\u00eb patundshme me vler\u00eb 7.5 milion\u00eb lek\u00eb, likujditete bankare prej 5.4 milion\u00eb lek\u00ebsh dhe automjete me vler\u00eb 6.8 milion\u00eb lek\u00eb.<\/p>\n<p>T\u00eb ardhurat familjare p\u00ebr periudh\u00ebn deklaruese jan\u00eb 38.4 milion\u00eb lek\u00eb, nga t\u00eb cilat rreth 48% burojn\u00eb nga paga e Znj. Kodheli dhe 19% nga pagat e familjar\u00ebve. Rreth 30% e t\u00eb ardhurave totale familjare deklarohen si t\u00eb realizuara gjat\u00eb periudh\u00ebs 2005-2009, kur Znj. Kodheli nuk ishte subjekt deklarues.<\/p>\n<p>P\u00ebrve\u00e7 analiz\u00ebs p\u00ebr rritjen\/uljen e pasuris\u00eb, struktur\u00ebn e aseteve dhe t\u00eb ardhurave, ky raport paraqet dhe kontrollin aritmetik\/logjik t\u00eb deklarimeve t\u00eb subjektit si dhe \u201cflamujt e kuq\u2019\u00a0 q\u00eb identifikohen gjat\u00eb kontrollit. Nga kontrollin aritmetik\/logjik p\u00ebr 10 vite t\u00eb deklarimit, asnj\u00ebra prej deklaratave nuk rezultoi me probleme.<\/p>\n<p>Nga analiza cil\u00ebsore e deklaratave t\u00eb pasuris\u00eb, vlen p\u00ebr t\u2019u theksuar se Mimi Kodheli ka nj\u00eb shk\u00ebputje t\u00eb deklarimeve nga viti 2005 deri n\u00eb vitin 2009, kur zgjidhet deputete n\u00eb Kuvendin e Shqip\u00ebris\u00eb. Mes t\u00eb ardhurave t\u00eb siguruara p\u00ebr vitet 2005-2009, t\u00eb cilat deklarohen si burime p\u00ebr asetet e shtuara n\u00eb t\u00eb nj\u00ebjt\u00ebn periudh\u00eb, Znj. Kodheli deklaron edhe nj\u00eb burs\u00eb studimi, PhD n\u00eb Itali n\u00eb vler\u00ebn e 31,500 eurove.<\/p>\n<p>Analiza e pasuris\u00eb s\u00eb Znj. Kodheli nuk p\u00ebrfshin nj\u00eb llogari bankare dyem\u00ebrore, q\u00eb sipas deklarimit i p\u00ebrket n\u00ebn\u00ebs s\u00eb subjektit, me vler\u00eb fillestare prej 21,554 dollar\u00ebsh, e cila nd\u00ebr vite shtohet ose pak\u00ebsohet.<strong><em>\/BIRN<\/em><\/strong><\/p>\n<p>&nbsp;<\/p>\n","protected":false},"excerpt":{"rendered":"<p>Mimi Kodheli u zgjodh ministre e Mbrojtjes n\u00eb kabinetin e kryeministrit Edi Rama pas zgjedhjeve parlamentare t\u00eb vitit 2003 dhe u largua nga qeveria n\u00eb shtator 2017. Mimi Kodheli \u00ebsht\u00eb Doktorante e Shkencave Ekonomike nga Universiteti i Veron\u00ebs, Itali, n\u00eb bashk\u00ebpunim me Universitetin e Tiran\u00ebs, Fakulteti Ekonomik, prej vitit 2007. Ka nj\u00eb Master n\u00eb Administrim [&hellip;]<\/p>\n","protected":false},"author":2031,"featured_media":155288,"comment_status":"closed","ping_status":"closed","sticky":false,"template":"","format":"standard","meta":{"footnotes":""},"categories":[231],"tags":[],"class_list":{"0":"post-161812","1":"post","2":"type-post","3":"status-publish","4":"format-standard","5":"has-post-thumbnail","7":"category-lajme"},"_links":{"self":[{"href":"https:\/\/zjarr.tv\/sq\/wp-json\/wp\/v2\/posts\/161812","targetHints":{"allow":["GET"]}}],"collection":[{"href":"https:\/\/zjarr.tv\/sq\/wp-json\/wp\/v2\/posts"}],"about":[{"href":"https:\/\/zjarr.tv\/sq\/wp-json\/wp\/v2\/types\/post"}],"author":[{"embeddable":true,"href":"https:\/\/zjarr.tv\/sq\/wp-json\/wp\/v2\/users\/2031"}],"replies":[{"embeddable":true,"href":"https:\/\/zjarr.tv\/sq\/wp-json\/wp\/v2\/comments?post=161812"}],"version-history":[{"count":0,"href":"https:\/\/zjarr.tv\/sq\/wp-json\/wp\/v2\/posts\/161812\/revisions"}],"wp:featuredmedia":[{"embeddable":true,"href":"https:\/\/zjarr.tv\/sq\/wp-json\/wp\/v2\/media\/155288"}],"wp:attachment":[{"href":"https:\/\/zjarr.tv\/sq\/wp-json\/wp\/v2\/media?parent=161812"}],"wp:term":[{"taxonomy":"category","embeddable":true,"href":"https:\/\/zjarr.tv\/sq\/wp-json\/wp\/v2\/categories?post=161812"},{"taxonomy":"post_tag","embeddable":true,"href":"https:\/\/zjarr.tv\/sq\/wp-json\/wp\/v2\/tags?post=161812"}],"curies":[{"name":"wp","href":"https:\/\/api.w.org\/{rel}","templated":true}]}}