{"id":161823,"date":"2021-02-03T11:30:47","date_gmt":"2021-02-03T10:30:47","guid":{"rendered":"https:\/\/zjarr.tv\/?p=161823"},"modified":"2021-02-03T11:30:47","modified_gmt":"2021-02-03T10:30:47","slug":"lulzim-basha-takim-me-farmacistet-ja-dy-ndryshimet-cilesia-e-barnave-dhe-trajtimi-i-pacienteve","status":"publish","type":"post","link":"https:\/\/zjarr.tv\/sq\/lulzim-basha-takim-me-farmacistet-ja-dy-ndryshimet-cilesia-e-barnave-dhe-trajtimi-i-pacienteve\/","title":{"rendered":"Lulzim Basha takim me farmacist\u00ebt: Ja dy ndryshimet, cil\u00ebsia e barnave dhe trajtimi i pacient\u00ebve\u2026"},"content":{"rendered":"<p>Kryedemokrati Lulzim Basha, ka zhvilluar nj\u00eb takim me p\u00ebrfaq\u00ebsues dhe drejtues t\u00eb Urdhrit t\u00eb Farmacistit dhe pacient\u00eb, me t\u00eb cil\u00ebt ka ndar\u00eb programin e shpallur p\u00ebr sh\u00ebndet\u00ebsin\u00eb.<\/p>\n<p>Basha deklaroi se; cil\u00ebsia e barnave ka marr\u00eb nj\u00eb goditje gjat\u00eb k\u00ebtyre viteve, ku u sqaroi farmacist\u00ebve dhe pacient\u00ebve, detajet e programit \u201cShqip\u00ebria Fiton\u201d.<\/p>\n<p>Gjithashtu, Kreu i PD-s\u00eb, premtoi se; angazhimi i par\u00eb i forc\u00ebs politike q\u00eb ai drejton, do t\u00eb jen\u00eb ndryshimet ligjore q\u00eb barnat n\u00eb Shqip\u00ebri, t\u00eb ken\u00eb cil\u00ebsin\u00eb e vendeve europiane.<\/p>\n<p><em style=\"font-weight: inherit;\">\u201cCil\u00ebsia e barnave ka marr\u00eb nj\u00eb goditje t\u00eb jasht\u00ebzakonshme gjat\u00eb k\u00ebtyre viteve. Tregu \u00ebsht\u00eb hapur p\u00ebr mafien e barnave e cila sjell barna t\u00eb pa certifikuara jo n\u00eb funksion t\u00eb sh\u00ebndetit t\u00eb njer\u00ebzve por n\u00eb funksion t\u00eb mbushjes s\u00eb xhepave t\u00eb nj\u00eb grushti importuesish. Angazhimi i par\u00eb n\u00eb k\u00ebt\u00eb fush\u00eb \u00ebsht\u00eb q\u00eb ne do t\u00eb b\u00ebjm\u00eb t\u00eb gjitha ndryshimet e nevojshme ligjore dhe do t\u00eb ushtrojm\u00eb t\u00eb gjith\u00eb kontrollin e nevojsh\u00ebm q\u00eb barnat shqiptare t\u00eb ken\u00eb cil\u00ebsin\u00eb dhe standardet\u00a0 e vendeve europiane\u201d, \u2013 <\/em><em>ka th\u00ebn\u00eb Basha.<\/em><\/p>\n<p>Nd\u00ebr t\u00eb tjera, Basha deklaroi se; n\u00eb qend\u00ebr t\u00eb programit t\u00eb PD-s\u00eb, do t\u00eb jet\u00eb pacienti. P\u00ebr kreun e PD, cil\u00ebsia e barnave dhe trajtimi i pacientit, jan\u0451 dy ndryshimet kryesore q\u0451 do t\u0451 sjell\u0451 programi p\u0451r sh\u0451ndet\u0451sin\u0451.<\/p>\n<p><em style=\"font-weight: inherit;\">\u201cE dyta ka t\u00eb b\u00ebj\u00eb me pacientin. Sepse i gjith\u00eb programi yn\u00eb p\u00ebr sh\u00ebndet\u00ebsin\u00eb ka n\u00eb qend\u00ebr pacientin, paraja ndjek pacientin. Kjo do t\u00eb thot\u00eb q\u00eb rimbursimi i barnave do t\u00eb b\u00ebhet n\u00eb baz\u00eb t\u00eb diagnoz\u00ebs, n\u00eb m\u00ebnyr\u00eb q\u00eb asnj\u00eb pacient q\u00eb ka nevoj\u00eb p\u00ebr nj\u00eb ila\u00e7 t\u00eb ve\u00e7ant\u00eb, t\u00eb mos mbetet pa e marr\u0451 k\u0451t\u0451 mjekim\u201d, \u2013 <\/em><em>ka theksuar Basha.<\/em><\/p>\n<p>Gjat\u00eb takimit, Basha sqaroi edhe \u00e7\u00ebshtjen e kart\u00ebs s\u00eb pacientit, q\u00eb do t\u00eb ndryshoj\u00eb m\u00ebnyr\u00ebn e p\u00ebrzgjedhjes s\u00eb mjekut, spitalit apo edhe ila\u00e7it q\u00eb i duhet pacientit.<\/p>\n<p>\u201cKarta e pacientit\u00a0 do t\u00eb mund\u00ebsoj\u00eb q\u00eb pacienti t\u00eb zgjedh\u00eb, te cili mjek familjeje do t\u00eb shkoj\u00eb, te cili specialist do t\u00eb shkoj\u00eb, te cili spital do t\u00eb shkoj\u00eb, dhe detyra e shtetit \u00ebsht\u00eb t\u00eb siguroj\u00eb q\u00eb sistemi i sigurimeve sh\u00ebndet\u00ebsore t\u00eb funksionoj\u00eb dhe t\u00eb marrin rimbursimin e duhur, nd\u00ebrkoh\u00eb q\u00eb zgjedhjen e kan\u00eb ata n\u00eb dor\u00eb\u201d, k\u00ebshtu \u00ebsht\u00eb shprehur Lulzim Basha n\u00eb fjal\u00ebn e tij.<\/p>\n","protected":false},"excerpt":{"rendered":"<p>Kryedemokrati Lulzim Basha, ka zhvilluar nj\u00eb takim me p\u00ebrfaq\u00ebsues dhe drejtues t\u00eb Urdhrit t\u00eb Farmacistit dhe pacient\u00eb, me t\u00eb cil\u00ebt ka ndar\u00eb programin e shpallur p\u00ebr sh\u00ebndet\u00ebsin\u00eb. Basha deklaroi se; cil\u00ebsia e barnave ka marr\u00eb nj\u00eb goditje gjat\u00eb k\u00ebtyre viteve, ku u sqaroi farmacist\u00ebve dhe pacient\u00ebve, detajet e programit \u201cShqip\u00ebria Fiton\u201d. Gjithashtu, Kreu i PD-s\u00eb, [&hellip;]<\/p>\n","protected":false},"author":2016,"featured_media":161825,"comment_status":"closed","ping_status":"closed","sticky":false,"template":"","format":"standard","meta":{"footnotes":""},"categories":[241],"tags":[1167],"class_list":{"0":"post-161823","1":"post","2":"type-post","3":"status-publish","4":"format-standard","5":"has-post-thumbnail","7":"category-aktualitet","8":"tag-lajme-zjarr-basha-takim-me-farmacistet-zjarr-tv"},"_links":{"self":[{"href":"https:\/\/zjarr.tv\/sq\/wp-json\/wp\/v2\/posts\/161823","targetHints":{"allow":["GET"]}}],"collection":[{"href":"https:\/\/zjarr.tv\/sq\/wp-json\/wp\/v2\/posts"}],"about":[{"href":"https:\/\/zjarr.tv\/sq\/wp-json\/wp\/v2\/types\/post"}],"author":[{"embeddable":true,"href":"https:\/\/zjarr.tv\/sq\/wp-json\/wp\/v2\/users\/2016"}],"replies":[{"embeddable":true,"href":"https:\/\/zjarr.tv\/sq\/wp-json\/wp\/v2\/comments?post=161823"}],"version-history":[{"count":0,"href":"https:\/\/zjarr.tv\/sq\/wp-json\/wp\/v2\/posts\/161823\/revisions"}],"wp:featuredmedia":[{"embeddable":true,"href":"https:\/\/zjarr.tv\/sq\/wp-json\/wp\/v2\/media\/161825"}],"wp:attachment":[{"href":"https:\/\/zjarr.tv\/sq\/wp-json\/wp\/v2\/media?parent=161823"}],"wp:term":[{"taxonomy":"category","embeddable":true,"href":"https:\/\/zjarr.tv\/sq\/wp-json\/wp\/v2\/categories?post=161823"},{"taxonomy":"post_tag","embeddable":true,"href":"https:\/\/zjarr.tv\/sq\/wp-json\/wp\/v2\/tags?post=161823"}],"curies":[{"name":"wp","href":"https:\/\/api.w.org\/{rel}","templated":true}]}}