{"id":162515,"date":"2021-02-05T13:58:59","date_gmt":"2021-02-05T12:58:59","guid":{"rendered":"https:\/\/zjarr.tv\/?p=162515"},"modified":"2021-02-05T13:58:59","modified_gmt":"2021-02-05T12:58:59","slug":"e-sheh-si-sfide-kandidimin-perballe-taulant-balles-dhe-gazment-bardhit-ja-si-pergjigjet-rudina-hajdari","status":"publish","type":"post","link":"https:\/\/zjarr.tv\/sq\/e-sheh-si-sfide-kandidimin-perballe-taulant-balles-dhe-gazment-bardhit-ja-si-pergjigjet-rudina-hajdari\/","title":{"rendered":"E sheh si sfid\u00eb kandidimin p\u00ebrball\u00eb Taulant Ball\u00ebs dhe Gazment Bardhit? Ja si p\u00ebrgjigjet Rudina Hajdari\u2026"},"content":{"rendered":"<p>Rudina Hajdari, n\u00eb zgjedhjet e 25 prillit, do t\u00eb kandidoj\u00eb n\u00eb Elbasan n\u00ebn sigl\u00ebn e Partis\u00eb, Nisma Thurje.<\/p>\n<p>E pyetur s;e p\u00ebrse zgjodhi Elbasanin, Hajdari \u00ebsht\u00eb shprehur se; ky qark \u00ebsht\u00eb 20 minuta larg Tiran\u00ebs dhe duhet t\u00eb ket\u00eb m\u00eb shum\u00eb v\u00ebmendje. Sipas saj, rr\u00ebnj\u00ebt e saj jan\u00eb n\u00eb at\u00eb qytet.<\/p>\n<p><em>\u201c\u00cbsht\u00eb nj\u00eb qark 20 minuta jasht\u00eb Tiran\u00ebs dhe duhet t\u00eb ket\u00eb m\u00eb shum\u00eb v\u00ebmendje. Duke par\u00eb dhe rr\u00ebnj\u00ebt q\u00eb kam aty. Potencialin ekonomik q\u00eb ka. Dhe shum\u00eb gj\u00ebra t\u00eb tjera p\u00ebr t\u00eb cilat ne duhet t\u00eb punojm\u00eb fort p\u00ebr ti dh\u00ebn\u00eb nj\u00eb fytyr\u00eb m\u00eb t\u00eb bukur, p\u00ebr t\u00eb gjith\u00eb ata elbasanllinj q\u00eb duan t\u00eb q\u00ebndrojn\u00eb aty\u201d,<\/em>\u00a0th\u00ebn\u00eb Hajdari p\u00ebr Report Tv.<\/p>\n<p>Nd\u00ebrkoh\u00eb, e pyetur n\u00ebse e shihte si sfid\u00eb kandidimin p\u00ebrball\u00eb Taulant Ball\u00ebs nga PS dhe Gazment Bardhit nga PD, Hajdari u shpreh:<\/p>\n<p><em>\u2013 E shikoj si nj\u00eb sfid\u00eb q\u00eb duhet patjet\u00ebr punuar. Ata nuk kan\u00eb p\u00ebrmbushur premtimet q\u00eb kan\u00eb b\u00ebr\u00eb gjat\u00eb fushatave elektorale. Kjo m\u00eb jep besim p\u00ebr t\u00eb krijuar nj\u00eb profil sa m\u00eb t\u00eb besuesh\u00ebm. Qarku i Elbasanit \u00ebsht\u00eb nj\u00eb nga qarqet m\u00eb t\u00eb varf\u00ebra.<\/em><\/p>\n","protected":false},"excerpt":{"rendered":"<p>Rudina Hajdari, n\u00eb zgjedhjet e 25 prillit, do t\u00eb kandidoj\u00eb n\u00eb Elbasan n\u00ebn sigl\u00ebn e Partis\u00eb, Nisma Thurje. E pyetur s;e p\u00ebrse zgjodhi Elbasanin, Hajdari \u00ebsht\u00eb shprehur se; ky qark \u00ebsht\u00eb 20 minuta larg Tiran\u00ebs dhe duhet t\u00eb ket\u00eb m\u00eb shum\u00eb v\u00ebmendje. Sipas saj, rr\u00ebnj\u00ebt e saj jan\u00eb n\u00eb at\u00eb qytet. \u201c\u00cbsht\u00eb nj\u00eb qark 20 [&hellip;]<\/p>\n","protected":false},"author":2016,"featured_media":162517,"comment_status":"closed","ping_status":"closed","sticky":false,"template":"","format":"standard","meta":{"footnotes":""},"categories":[241],"tags":[1197],"class_list":{"0":"post-162515","1":"post","2":"type-post","3":"status-publish","4":"format-standard","5":"has-post-thumbnail","7":"category-aktualitet","8":"tag-lajme-zjarr-hajdari-pergjigjet-per-sfiden-me-ballen-zjarr-tv"},"_links":{"self":[{"href":"https:\/\/zjarr.tv\/sq\/wp-json\/wp\/v2\/posts\/162515","targetHints":{"allow":["GET"]}}],"collection":[{"href":"https:\/\/zjarr.tv\/sq\/wp-json\/wp\/v2\/posts"}],"about":[{"href":"https:\/\/zjarr.tv\/sq\/wp-json\/wp\/v2\/types\/post"}],"author":[{"embeddable":true,"href":"https:\/\/zjarr.tv\/sq\/wp-json\/wp\/v2\/users\/2016"}],"replies":[{"embeddable":true,"href":"https:\/\/zjarr.tv\/sq\/wp-json\/wp\/v2\/comments?post=162515"}],"version-history":[{"count":0,"href":"https:\/\/zjarr.tv\/sq\/wp-json\/wp\/v2\/posts\/162515\/revisions"}],"wp:featuredmedia":[{"embeddable":true,"href":"https:\/\/zjarr.tv\/sq\/wp-json\/wp\/v2\/media\/162517"}],"wp:attachment":[{"href":"https:\/\/zjarr.tv\/sq\/wp-json\/wp\/v2\/media?parent=162515"}],"wp:term":[{"taxonomy":"category","embeddable":true,"href":"https:\/\/zjarr.tv\/sq\/wp-json\/wp\/v2\/categories?post=162515"},{"taxonomy":"post_tag","embeddable":true,"href":"https:\/\/zjarr.tv\/sq\/wp-json\/wp\/v2\/tags?post=162515"}],"curies":[{"name":"wp","href":"https:\/\/api.w.org\/{rel}","templated":true}]}}