{"id":162608,"date":"2021-02-05T15:47:51","date_gmt":"2021-02-05T14:47:51","guid":{"rendered":"https:\/\/zjarr.tv\/?p=162608"},"modified":"2021-02-05T15:47:51","modified_gmt":"2021-02-05T14:47:51","slug":"xhacka-pret-homologun-e-maqedonise-se-veriut-osmani-kemi-plotesuar-kushtet-per-nisjen-e-negociatave-me-be","status":"publish","type":"post","link":"https:\/\/zjarr.tv\/sq\/xhacka-pret-homologun-e-maqedonise-se-veriut-osmani-kemi-plotesuar-kushtet-per-nisjen-e-negociatave-me-be\/","title":{"rendered":"Xha\u00e7ka pret homologun e Maqedonis\u00eb s\u00eb Veriut, Osmani: Kemi plot\u00ebsuar kushtet p\u00ebr nisjen e negociatave me BE"},"content":{"rendered":"<p style=\"background: white; margin: 0in 0in 7.5pt 0in;\"><span style=\"font-size: 18.0pt; font-family: 'Cambria','serif'; color: #030303; background: #F9F9F9;\">Ministri i Jasht\u00ebm i Maqedonis\u00eb s\u00eb Veriut, Bujar Osmani ka mb\u00ebrritur dit\u00ebn e sotme n\u00eb Tiran\u00eb dhe \u00ebsht\u00eb pritur nga ministrja p\u00ebr Evrop\u00ebn dhe Pun\u00ebt e Jashtme\u00a0Olta Xha\u00e7ka. Xha\u00e7ka tha se t\u00eb dy vendet kan\u00eb plot\u00ebsuar kushtet p\u00ebr mbetjen e konferenc\u00eb s\u00eb par\u00eb nd\u00ebrqeveritare p\u00ebr hapjen e negociatave me BE p\u00ebr procesin e integrimit, nd\u00ebrsa vler\u00ebsoi faktorin shqiptar n\u00eb Maqedonin\u00eb e Veriut\u00a0 si kontribut jetik n\u00eb qeverisjen e vendit.<\/span><\/p>\n","protected":false},"excerpt":{"rendered":"<p>Ministri i Jasht\u00ebm i Maqedonis\u00eb s\u00eb Veriut, Bujar Osmani ka mb\u00ebrritur dit\u00ebn e sotme n\u00eb Tiran\u00eb dhe \u00ebsht\u00eb pritur nga ministrja p\u00ebr Evrop\u00ebn dhe Pun\u00ebt e Jashtme\u00a0Olta Xha\u00e7ka. Xha\u00e7ka tha se t\u00eb dy vendet kan\u00eb plot\u00ebsuar kushtet p\u00ebr mbetjen e konferenc\u00eb s\u00eb par\u00eb nd\u00ebrqeveritare p\u00ebr hapjen e negociatave me BE p\u00ebr procesin e integrimit, nd\u00ebrsa [&hellip;]<\/p>\n","protected":false},"author":2031,"featured_media":162611,"comment_status":"closed","ping_status":"closed","sticky":false,"template":"","format":"standard","meta":{"footnotes":""},"categories":[231],"tags":[],"class_list":{"0":"post-162608","1":"post","2":"type-post","3":"status-publish","4":"format-standard","5":"has-post-thumbnail","7":"category-lajme"},"_links":{"self":[{"href":"https:\/\/zjarr.tv\/sq\/wp-json\/wp\/v2\/posts\/162608","targetHints":{"allow":["GET"]}}],"collection":[{"href":"https:\/\/zjarr.tv\/sq\/wp-json\/wp\/v2\/posts"}],"about":[{"href":"https:\/\/zjarr.tv\/sq\/wp-json\/wp\/v2\/types\/post"}],"author":[{"embeddable":true,"href":"https:\/\/zjarr.tv\/sq\/wp-json\/wp\/v2\/users\/2031"}],"replies":[{"embeddable":true,"href":"https:\/\/zjarr.tv\/sq\/wp-json\/wp\/v2\/comments?post=162608"}],"version-history":[{"count":0,"href":"https:\/\/zjarr.tv\/sq\/wp-json\/wp\/v2\/posts\/162608\/revisions"}],"wp:featuredmedia":[{"embeddable":true,"href":"https:\/\/zjarr.tv\/sq\/wp-json\/wp\/v2\/media\/162611"}],"wp:attachment":[{"href":"https:\/\/zjarr.tv\/sq\/wp-json\/wp\/v2\/media?parent=162608"}],"wp:term":[{"taxonomy":"category","embeddable":true,"href":"https:\/\/zjarr.tv\/sq\/wp-json\/wp\/v2\/categories?post=162608"},{"taxonomy":"post_tag","embeddable":true,"href":"https:\/\/zjarr.tv\/sq\/wp-json\/wp\/v2\/tags?post=162608"}],"curies":[{"name":"wp","href":"https:\/\/api.w.org\/{rel}","templated":true}]}}