{"id":162619,"date":"2021-02-05T15:56:23","date_gmt":"2021-02-05T14:56:23","guid":{"rendered":"https:\/\/zjarr.tv\/?p=162619"},"modified":"2021-02-05T15:56:23","modified_gmt":"2021-02-05T14:56:23","slug":"fjalimi-i-presidentit-biden-per-politiken-e-jashtme-sinjalizon-rikthimin-e-amerikes-ne-arenen-boterore","status":"publish","type":"post","link":"https:\/\/zjarr.tv\/sq\/fjalimi-i-presidentit-biden-per-politiken-e-jashtme-sinjalizon-rikthimin-e-amerikes-ne-arenen-boterore\/","title":{"rendered":"Fjalimi i Presidentit Biden p\u00ebr politik\u00ebn e jashtme, sinjalizon rikthimin e Amerik\u00ebs n\u00eb aren\u00ebn bot\u00ebrore"},"content":{"rendered":"<p>Presidenti i Shteteve t\u00eb Bashkuara, Joe Biden mbajti t\u00eb enjten fjalimin e tij t\u00eb par\u00eb n\u00eb Departamentin e Shtetit q\u00eb kur mori detyr\u00ebn, duke e v\u00ebn\u00eb theksin tek sfidat kryesore p\u00ebr diplomacin\u00eb amerikane, rikthimi tek aleancat dhe udh\u00ebheqja \u201cnga nj\u00eb pozicion force\u201d e Shteteve t\u00eb Bashkuara n\u00eb aren\u00ebn globale.<\/p>\n<p>Presidenti Biden e b\u00ebri t\u00eb qart\u00eb se bota duhet t\u00eb pres\u00eb q\u00eb Shtetet e Bashkuara t\u00eb jen\u00eb m\u00eb t\u00eb angazhuara n\u00eb aren\u00ebn diplomatike me administrat\u00ebn e tij.<\/p>\n<p><em>&#8220;Amerika\u00a0u\u00a0rikthye.\u00a0Diplomacia\u00a0\u00ebsht\u00eb\u00a0p\u00ebrs\u00ebri\u00a0n\u00eb\u00a0qend\u00ebr\u00a0t\u00eb\u00a0politik\u00ebs\u00a0son\u00eb\u00a0t\u00eb\u00a0jashtme&#8221;,\u00a0tha\u00a0zoti\u00a0Biden<\/em><\/p>\n<p>Presidenti\u00a0foli\u00a0konkretisht\u00a0p\u00ebr\u00a0\u00e7\u00ebshtjet\u00a0q\u00eb\u00a0kryesojn\u00eb\u00a0programin\u00a0e\u00a0tij\u00a0t\u00eb\u00a0politik\u00ebs\u00a0s\u00eb\u00a0jashtme:\u00a0grushti\u00a0i\u00a0shtetit\u00a0n\u00eb\u00a0Mianmar,\u00a0bisedimet\u00a0me\u00a0Rusin\u00eb\u00a0dhe\u00a0marr\u00ebdh\u00ebniet\u00a0me\u00a0Kin\u00ebn.<\/p>\n<p><em>&#8220;Dit\u00ebt\u00a0kur\u00a0Shtetet\u00a0e\u00a0Bashkuara\u00a0qendronin\u00a0pasive\u00a0p\u00ebrball\u00eb\u00a0veprimeve\u00a0agresive\u00a0t\u00eb\u00a0Rusis\u00eb,\u00a0p\u00ebrfshir\u00eb\u00a0nd\u00ebrhyrjen\u00a0n\u00eb\u00a0zgjedhjet\u00a0tona,\u00a0sulmet\u00a0kibernetike\u00a0dhe\u00a0helmimin\u00a0e\u00a0qytetar\u00ebve\u00a0t\u00eb\u00a0saj,\u00a0kan\u00eb\u00a0marr\u00eb\u00a0fund,&#8221;\u00a0deklaroi\u00a0presidenti.<\/em><\/p>\n<p>Zoti Biden tha gjithashtu se Shtetet e Bashkuara do t\u2019u b\u00ebjn\u00eb ball\u00eb abuzimeve ekonomike t\u00eb Kin\u00ebs duke &#8220;rip\u00ebrt\u00ebrir\u00eb rolin ton\u00eb n\u00eb institucionet nd\u00ebrkomb\u00ebtare dhe duke risjell\u00eb besueshm\u00ebrin\u00eb dhe autoritetin ton\u00eb moral, nj\u00eb pjes\u00eb e mir\u00eb e t\u00eb cilave kishte humbur.&#8221;<\/p>\n<p>Presidenti Biden tha gjithashtu t\u00eb enjten se ka k\u00ebrkuar nga Pentagoni n\u00eb bashk\u00ebpunim me Departamentin e Shtetit nj\u00eb rivler\u00ebsim t\u00eb vendosjes s\u00eb trupave amerikane jasht\u00eb vendit dhe se nd\u00ebrsa b\u00ebhet kjo analiz\u00eb,ai do t\u00eb ndalte t\u00ebrheqjen e trupave amerikane nga Gjermania.<\/p>\n<p>Ky vendim ishte nj\u00eb kthes\u00eb nga ai i ish-presidentit Trump vitin e kaluar, i cili megjith\u00eb kund\u00ebrshtimin e Kongresit, njoftoi planet p\u00ebr ridislokimin e rreth 9,500 prej afro 34,500 trupave amerikane t\u00eb stacionuara n\u00eb Gjermani, ku ndodhen baza ajrore Ramstein dhe selia e komand\u00ebs amerikane p\u00ebr Evrop\u00ebn dhe Afrik\u00ebn.<\/p>\n<p>Zoti Biden tha gjithashtu se do t&#8217;i jepte fund mb\u00ebshtetjes p\u00ebr ofensiv\u00ebn ushtarake t\u00eb Arabis\u00eb Saudite n\u00eb Jemen dhe se do ta b\u00ebnte mb\u00ebshtetjen p\u00ebr t\u00eb drejtat e komunitetit LGBTQ nj\u00eb gur themeli t\u00eb diplomacis\u00eb.<\/p>\n<p>Presidenti njoftoi se po n\u00ebnshkruante nj\u00eb urdh\u00ebr ekzekutiv p\u00ebr rritjen e kufirit t\u00eb numrit t\u00eb refugjat\u00ebve t\u00eb lejuar n\u00eb Shtetet e Bashkuara m\u00eb shum\u00eb se tet\u00ebfishin e nivelit ku e kishte ulur administrata e ish-presidentit Trump.<\/p>\n<p>&nbsp;<\/p>\n<p>&nbsp;<\/p>\n","protected":false},"excerpt":{"rendered":"<p>Presidenti i Shteteve t\u00eb Bashkuara, Joe Biden mbajti t\u00eb enjten fjalimin e tij t\u00eb par\u00eb n\u00eb Departamentin e Shtetit q\u00eb kur mori detyr\u00ebn, duke e v\u00ebn\u00eb theksin tek sfidat kryesore p\u00ebr diplomacin\u00eb amerikane, rikthimi tek aleancat dhe udh\u00ebheqja \u201cnga nj\u00eb pozicion force\u201d e Shteteve t\u00eb Bashkuara n\u00eb aren\u00ebn globale. Presidenti Biden e b\u00ebri t\u00eb qart\u00eb [&hellip;]<\/p>\n","protected":false},"author":2031,"featured_media":162620,"comment_status":"closed","ping_status":"closed","sticky":false,"template":"","format":"standard","meta":{"footnotes":""},"categories":[231],"tags":[],"class_list":{"0":"post-162619","1":"post","2":"type-post","3":"status-publish","4":"format-standard","5":"has-post-thumbnail","7":"category-lajme"},"_links":{"self":[{"href":"https:\/\/zjarr.tv\/sq\/wp-json\/wp\/v2\/posts\/162619","targetHints":{"allow":["GET"]}}],"collection":[{"href":"https:\/\/zjarr.tv\/sq\/wp-json\/wp\/v2\/posts"}],"about":[{"href":"https:\/\/zjarr.tv\/sq\/wp-json\/wp\/v2\/types\/post"}],"author":[{"embeddable":true,"href":"https:\/\/zjarr.tv\/sq\/wp-json\/wp\/v2\/users\/2031"}],"replies":[{"embeddable":true,"href":"https:\/\/zjarr.tv\/sq\/wp-json\/wp\/v2\/comments?post=162619"}],"version-history":[{"count":0,"href":"https:\/\/zjarr.tv\/sq\/wp-json\/wp\/v2\/posts\/162619\/revisions"}],"wp:featuredmedia":[{"embeddable":true,"href":"https:\/\/zjarr.tv\/sq\/wp-json\/wp\/v2\/media\/162620"}],"wp:attachment":[{"href":"https:\/\/zjarr.tv\/sq\/wp-json\/wp\/v2\/media?parent=162619"}],"wp:term":[{"taxonomy":"category","embeddable":true,"href":"https:\/\/zjarr.tv\/sq\/wp-json\/wp\/v2\/categories?post=162619"},{"taxonomy":"post_tag","embeddable":true,"href":"https:\/\/zjarr.tv\/sq\/wp-json\/wp\/v2\/tags?post=162619"}],"curies":[{"name":"wp","href":"https:\/\/api.w.org\/{rel}","templated":true}]}}