{"id":162977,"date":"2021-02-08T12:55:45","date_gmt":"2021-02-08T11:55:45","guid":{"rendered":"https:\/\/zjarr.tv\/?p=162977"},"modified":"2021-02-08T12:55:45","modified_gmt":"2021-02-08T11:55:45","slug":"murrizi-na-hapet-barkun-ju-bamires-te-medhenj-qe-nuk-beni-nje-sadaka-qe-edhe-dasmen-keni-thene-na-e-ben-gjyshja-nga-i-gjeni-te-ardhurat-ju-ore","status":"publish","type":"post","link":"https:\/\/zjarr.tv\/sq\/murrizi-na-hapet-barkun-ju-bamires-te-medhenj-qe-nuk-beni-nje-sadaka-qe-edhe-dasmen-keni-thene-na-e-ben-gjyshja-nga-i-gjeni-te-ardhurat-ju-ore\/","title":{"rendered":"Murrizi: Na hap\u00ebt barkun ju bamir\u00ebs t\u00eb m\u00ebdhenj q\u00eb nuk b\u00ebni nj\u00eb sadaka, q\u00eb edhe dasm\u00ebn keni th\u00ebn\u00eb na e b\u00ebn gjyshja, nga i gjeni t\u00eb ardhurat ju ore\u2026"},"content":{"rendered":"<p>Deputeti Myslym Murrizi, ka b\u00ebr\u00eb thirrje nga Kuvendi q\u00eb; ILDKP t\u00eb b\u00ebj\u00eb publike pasurit\u00eb e politikan\u00ebve, duke filluar nga ai.<\/p>\n<p><em>\u201cNa hap\u00ebt barkun se ju shef varavingo me FB ndez. Ju nga nj\u00eb krah dhe ai tjetri duke gatuar n\u00eb tenxhere t\u00eb grosh\u00ebs n\u00eb krah tjet\u00ebr. Ju bamir\u00ebs t\u00eb m\u00ebdhenj. Ju q\u00eb inspektoni rrug\u00eb. Ju nuk b\u00ebni nj\u00eb sadaka. As aeroportin e Kuk\u00ebsit nuk e b\u00ebni ju. Ku edhe dasm\u00ebn keni th\u00ebn\u00eb na e b\u00ebn n\u00ebna, nj\u00eb gjyshja.<\/em><\/p>\n<p><em>Nga i gjeni t\u00eb ardhurat ju? I b\u00ebjn\u00eb shqiptar\u00ebt, ata hallexhinj q\u00eb paguajn\u00eb \u00e7do dit\u00eb \u00e7mimet m\u00eb t\u00eb shtrenjta. I b\u00ebjn\u00eb ata 2 milion shqiptar\u00eb q\u00eb u dhat\u00eb rrug\u00ebn dhe i shp\u00ebrndat\u00eb si zogjt\u00eb e korbit. Pse t\u00eb juajat jan\u00eb ato? Ftoj ILDKP ti b\u00ebj publike deklaratat e pasuris\u00eb t\u00eb \u00e7do personi t\u00eb k\u00ebsaj salle\u201d<\/em>, \u2013 \u00a0\u00ebsht\u00eb shprehur Murrizi.<\/p>\n","protected":false},"excerpt":{"rendered":"<p>Deputeti Myslym Murrizi, ka b\u00ebr\u00eb thirrje nga Kuvendi q\u00eb; ILDKP t\u00eb b\u00ebj\u00eb publike pasurit\u00eb e politikan\u00ebve, duke filluar nga ai. \u201cNa hap\u00ebt barkun se ju shef varavingo me FB ndez. Ju nga nj\u00eb krah dhe ai tjetri duke gatuar n\u00eb tenxhere t\u00eb grosh\u00ebs n\u00eb krah tjet\u00ebr. Ju bamir\u00ebs t\u00eb m\u00ebdhenj. Ju q\u00eb inspektoni rrug\u00eb. Ju [&hellip;]<\/p>\n","protected":false},"author":2016,"featured_media":162979,"comment_status":"closed","ping_status":"closed","sticky":false,"template":"","format":"standard","meta":{"footnotes":""},"categories":[241],"tags":[1227],"class_list":{"0":"post-162977","1":"post","2":"type-post","3":"status-publish","4":"format-standard","5":"has-post-thumbnail","7":"category-aktualitet","8":"tag-lajme-zjarr-murrizi-na-hapet-barkun-ju-bamires-te-medhenj-zjarr-tv"},"_links":{"self":[{"href":"https:\/\/zjarr.tv\/sq\/wp-json\/wp\/v2\/posts\/162977","targetHints":{"allow":["GET"]}}],"collection":[{"href":"https:\/\/zjarr.tv\/sq\/wp-json\/wp\/v2\/posts"}],"about":[{"href":"https:\/\/zjarr.tv\/sq\/wp-json\/wp\/v2\/types\/post"}],"author":[{"embeddable":true,"href":"https:\/\/zjarr.tv\/sq\/wp-json\/wp\/v2\/users\/2016"}],"replies":[{"embeddable":true,"href":"https:\/\/zjarr.tv\/sq\/wp-json\/wp\/v2\/comments?post=162977"}],"version-history":[{"count":0,"href":"https:\/\/zjarr.tv\/sq\/wp-json\/wp\/v2\/posts\/162977\/revisions"}],"wp:featuredmedia":[{"embeddable":true,"href":"https:\/\/zjarr.tv\/sq\/wp-json\/wp\/v2\/media\/162979"}],"wp:attachment":[{"href":"https:\/\/zjarr.tv\/sq\/wp-json\/wp\/v2\/media?parent=162977"}],"wp:term":[{"taxonomy":"category","embeddable":true,"href":"https:\/\/zjarr.tv\/sq\/wp-json\/wp\/v2\/categories?post=162977"},{"taxonomy":"post_tag","embeddable":true,"href":"https:\/\/zjarr.tv\/sq\/wp-json\/wp\/v2\/tags?post=162977"}],"curies":[{"name":"wp","href":"https:\/\/api.w.org\/{rel}","templated":true}]}}