{"id":163141,"date":"2021-02-09T14:36:48","date_gmt":"2021-02-09T13:36:48","guid":{"rendered":"https:\/\/zjarr.tv\/?p=163141"},"modified":"2021-02-09T14:36:48","modified_gmt":"2021-02-09T13:36:48","slug":"komisioni-qendror-i-zgjedhjeve-ka-gjobitur-kryebashkiakun-erion-veliaj-me-750-mije-leke","status":"publish","type":"post","link":"https:\/\/zjarr.tv\/sq\/komisioni-qendror-i-zgjedhjeve-ka-gjobitur-kryebashkiakun-erion-veliaj-me-750-mije-leke\/","title":{"rendered":"Komisioni Qendror i Zgjedhjeve, ka gjobitur kryebashkiakun Erion Veliaj me 750 mij\u00eb lek\u00eb\u2026"},"content":{"rendered":"<p>Dit\u00ebn e sotme, Komisioni Qendror i Zgjedhjeve, ka gjobitur kryebashkikaun e Tiran\u00ebs, Erion Veliaj.<\/p>\n<p>B\u00ebhet me dije se; gjoba \u00ebsht\u00eb vendosur me motivacionin, p\u00ebr promovim t\u00eb aktiviteteve t\u00eb paligjshme.<\/p>\n<p>Gjoba kap shifr\u00ebn e \u00a0750 mij\u00eb lek\u00eb, p\u00ebr shkelje t\u00eb rregullave n\u00eb zhvillimin e aktiviteteve elektorale. Gjithashtu, Veliaj \u00ebsht\u00eb gjobitur me 35 mij\u00eb lek\u00eb, p\u00ebr mosraportim t\u00eb aktiviteteve si edhe 40 mij\u00eb lek\u00eb, p\u00ebr promovim t\u00eb aktiviteteve t\u00eb ndaluara.<\/p>\n","protected":false},"excerpt":{"rendered":"<p>Dit\u00ebn e sotme, Komisioni Qendror i Zgjedhjeve, ka gjobitur kryebashkikaun e Tiran\u00ebs, Erion Veliaj. B\u00ebhet me dije se; gjoba \u00ebsht\u00eb vendosur me motivacionin, p\u00ebr promovim t\u00eb aktiviteteve t\u00eb paligjshme. Gjoba kap shifr\u00ebn e \u00a0750 mij\u00eb lek\u00eb, p\u00ebr shkelje t\u00eb rregullave n\u00eb zhvillimin e aktiviteteve elektorale. Gjithashtu, Veliaj \u00ebsht\u00eb gjobitur me 35 mij\u00eb lek\u00eb, p\u00ebr mosraportim [&hellip;]<\/p>\n","protected":false},"author":2016,"featured_media":163153,"comment_status":"closed","ping_status":"closed","sticky":false,"template":"","format":"standard","meta":{"footnotes":""},"categories":[241],"tags":[1252],"class_list":{"0":"post-163141","1":"post","2":"type-post","3":"status-publish","4":"format-standard","5":"has-post-thumbnail","7":"category-aktualitet","8":"tag-lajme-zjarr-kqz-gjobit-kryebashkiakun-veliajn-zjarr-tv"},"_links":{"self":[{"href":"https:\/\/zjarr.tv\/sq\/wp-json\/wp\/v2\/posts\/163141","targetHints":{"allow":["GET"]}}],"collection":[{"href":"https:\/\/zjarr.tv\/sq\/wp-json\/wp\/v2\/posts"}],"about":[{"href":"https:\/\/zjarr.tv\/sq\/wp-json\/wp\/v2\/types\/post"}],"author":[{"embeddable":true,"href":"https:\/\/zjarr.tv\/sq\/wp-json\/wp\/v2\/users\/2016"}],"replies":[{"embeddable":true,"href":"https:\/\/zjarr.tv\/sq\/wp-json\/wp\/v2\/comments?post=163141"}],"version-history":[{"count":0,"href":"https:\/\/zjarr.tv\/sq\/wp-json\/wp\/v2\/posts\/163141\/revisions"}],"wp:featuredmedia":[{"embeddable":true,"href":"https:\/\/zjarr.tv\/sq\/wp-json\/wp\/v2\/media\/163153"}],"wp:attachment":[{"href":"https:\/\/zjarr.tv\/sq\/wp-json\/wp\/v2\/media?parent=163141"}],"wp:term":[{"taxonomy":"category","embeddable":true,"href":"https:\/\/zjarr.tv\/sq\/wp-json\/wp\/v2\/categories?post=163141"},{"taxonomy":"post_tag","embeddable":true,"href":"https:\/\/zjarr.tv\/sq\/wp-json\/wp\/v2\/tags?post=163141"}],"curies":[{"name":"wp","href":"https:\/\/api.w.org\/{rel}","templated":true}]}}