{"id":163218,"date":"2021-02-10T11:52:00","date_gmt":"2021-02-10T10:52:00","guid":{"rendered":"https:\/\/zjarr.tv\/?p=163218"},"modified":"2021-02-10T11:52:00","modified_gmt":"2021-02-10T10:52:00","slug":"lulzim-basha-prezanton-programin-per-turizmin-do-dyfishojme-punesimin-ne-kete-sektor","status":"publish","type":"post","link":"https:\/\/zjarr.tv\/sq\/lulzim-basha-prezanton-programin-per-turizmin-do-dyfishojme-punesimin-ne-kete-sektor\/","title":{"rendered":"Lulzim Basha prezanton programin p\u00ebr turizmin: Do dyfishojm\u00eb pun\u00ebsimin n\u00eb k\u00ebt\u00eb sektor\u2026"},"content":{"rendered":"<p>Dit\u00ebn e sotme, Kryedemokrati Lulzim Basha, ka prezantuar programin p\u00ebr turizmin. Kreu democrat, e cil\u00ebsoi turizmin si nj\u00eb nga bazat e ekonomis\u00eb s\u00eb Shqip\u00ebris\u00eb, ku sipas tij \u00ebsht\u00eb l\u00ebn\u00eb pas dore nga qeveria.<\/p>\n<p>Gjithashtu, Basha tha se; niveli i pun\u00ebsimit n\u00eb industrin\u00eb e turizmit, t\u00eb ardhurat mesatare nga turist\u00ebt dhe koh\u00ebzgjatja e sezonit turistik, jan\u00eb nd\u00ebr m\u00eb t\u00eb ul\u00ebtat n\u00eb rajon, teksa premtoi q\u00eb kjo situate, do t\u00eb ndryshoj\u00eb me planin e Partis\u00eb Demokratike.<\/p>\n<p>\u201cSot ju prezantoj planin ton\u00eb p\u00ebr turizmin! Turizmi \u00ebsht\u00eb nj\u00eb nga bazat e ekonomis\u00eb ton\u00eb. Si shum\u00eb fusha t\u00eb tjera, edhe ai \u00ebsht\u00eb l\u00ebn\u00eb pas dore. Kur nuk ec\u00ebn para, nuk mbetesh n\u00eb vendnum\u00ebro, por rr\u00ebshqet prapa. Shikoni vet\u00ebm vendet e Ballkanit rrotull nesh. Shikoni si lul\u00ebzon industria e tyre e turizmit. Ata kan\u00eb kuptuar pik\u00ebrisht at\u00eb q\u00eb kjo qeveri nuk e ka b\u00ebr\u00eb kurr\u00eb: n\u00ebse investon n\u00eb m\u00ebnyr\u00ebn e duhur, n\u00ebse vendos t\u00eb kujdesesh p\u00ebr njer\u00ebzit dhe jo p\u00ebr veten, mund t\u00eb arrish gj\u00ebra t\u00eb m\u00ebdha! Niveli i pun\u00ebsimit n\u00eb industrin\u00eb e turizmit, t\u00eb ardhurat mesatare nga turist\u00ebt dhe koh\u00ebzgjatja e sezonit turistik, m\u00eb t\u00eb ul\u00ebtat n\u00eb rajon! Kjo duhet t\u00eb ndryshoj\u00eb!\u201d, tha Basha.<\/p>\n<p><strong style=\"font-style: inherit;\">Pikat e programit p\u00ebr turizmin:<\/strong><\/p>\n<p>\u201c1.Un\u00eb angazhohem se ne do ta trajtojm\u00eb turizmin si nj\u00eb projekt madhor komb\u00ebtar. \u00c7do projekt i lidhur me turizmin, \u00e7do investim i lidhur me t\u00eb, do t\u00eb marr\u00eb p\u00ebrpar\u00ebsi nga qeverisja jon\u00eb. Kjo \u00ebsht\u00eb rruga p\u00ebr ta vendosur Shqip\u00ebrin\u00eb t\u00eb par\u00ebn.<\/p>\n<p>2.Un\u00eb angazhohem t\u00eb rrisim kontributin e drejtp\u00ebrdrejt\u00eb nga turizmi n\u00eb ekonomin\u00eb ton\u00eb nga 8 n\u00eb 10%.<\/p>\n<p>3.Angazhohem t\u00eb dyfishojm\u00eb kontributin n\u00eb pun\u00ebsim nga rritja e turizmit n\u00eb ekonomi 40.000 n\u00eb 80.000 vende pune. Kjo do ta ndryshoj\u00eb ekonomin\u00eb ton\u00eb. Do t\u2019u jap\u00eb njer\u00ebzve pun\u00eb dinjitoze dhe shpres\u00eb.<\/p>\n<p>4.Angazhohem t\u00eb dyfishojm\u00eb kapacitetet akomoduese. Duke hapur k\u00ebshtu dyert p\u00ebr m\u00eb shum\u00eb turist\u00eb. E p\u00ebr pasoj\u00eb do t\u00eb kemi m\u00eb shum\u00eb vende t\u00eb reja pune.<\/p>\n<p>5.Angazhohem t\u00eb punoj p\u00ebr t\u00eb rritur koh\u00ebzgjatjen e sezonit turistik, p\u00ebrmes diversifikimit t\u00eb ofertave turistike: Bregdetare, Malore, Rurale, Kulturore, k\u00ebshtu ne do t\u00eb dyfishojm\u00eb koh\u00ebn e q\u00ebndrimit t\u00eb turist\u00ebve t\u00eb huaj n\u00eb vendin ton\u00eb.Do t\u2019u japim atyre m\u00eb shum\u00eb arsye stimuluese p\u00ebr ta vizituar Shqip\u00ebrin\u00eb.<\/p>\n<p>Si rrjedhoj\u00eb e k\u00ebtyre masave qeveria e re angazhohet t\u00eb rris\u00eb numrin e turist\u00ebve t\u00eb huaj me 15% n\u00eb vit!, \u00ebsht\u00eb shprehur Lulzim Basha.<\/p>\n","protected":false},"excerpt":{"rendered":"<p>Dit\u00ebn e sotme, Kryedemokrati Lulzim Basha, ka prezantuar programin p\u00ebr turizmin. Kreu democrat, e cil\u00ebsoi turizmin si nj\u00eb nga bazat e ekonomis\u00eb s\u00eb Shqip\u00ebris\u00eb, ku sipas tij \u00ebsht\u00eb l\u00ebn\u00eb pas dore nga qeveria. Gjithashtu, Basha tha se; niveli i pun\u00ebsimit n\u00eb industrin\u00eb e turizmit, t\u00eb ardhurat mesatare nga turist\u00ebt dhe koh\u00ebzgjatja e sezonit turistik, jan\u00eb [&hellip;]<\/p>\n","protected":false},"author":2016,"featured_media":163220,"comment_status":"closed","ping_status":"closed","sticky":false,"template":"","format":"standard","meta":{"footnotes":""},"categories":[241],"tags":[1255],"class_list":{"0":"post-163218","1":"post","2":"type-post","3":"status-publish","4":"format-standard","5":"has-post-thumbnail","7":"category-aktualitet","8":"tag-lajme-zjarr-basha-prezanton-programin-per-turizmin-zjarr-tv"},"_links":{"self":[{"href":"https:\/\/zjarr.tv\/sq\/wp-json\/wp\/v2\/posts\/163218","targetHints":{"allow":["GET"]}}],"collection":[{"href":"https:\/\/zjarr.tv\/sq\/wp-json\/wp\/v2\/posts"}],"about":[{"href":"https:\/\/zjarr.tv\/sq\/wp-json\/wp\/v2\/types\/post"}],"author":[{"embeddable":true,"href":"https:\/\/zjarr.tv\/sq\/wp-json\/wp\/v2\/users\/2016"}],"replies":[{"embeddable":true,"href":"https:\/\/zjarr.tv\/sq\/wp-json\/wp\/v2\/comments?post=163218"}],"version-history":[{"count":0,"href":"https:\/\/zjarr.tv\/sq\/wp-json\/wp\/v2\/posts\/163218\/revisions"}],"wp:featuredmedia":[{"embeddable":true,"href":"https:\/\/zjarr.tv\/sq\/wp-json\/wp\/v2\/media\/163220"}],"wp:attachment":[{"href":"https:\/\/zjarr.tv\/sq\/wp-json\/wp\/v2\/media?parent=163218"}],"wp:term":[{"taxonomy":"category","embeddable":true,"href":"https:\/\/zjarr.tv\/sq\/wp-json\/wp\/v2\/categories?post=163218"},{"taxonomy":"post_tag","embeddable":true,"href":"https:\/\/zjarr.tv\/sq\/wp-json\/wp\/v2\/tags?post=163218"}],"curies":[{"name":"wp","href":"https:\/\/api.w.org\/{rel}","templated":true}]}}