{"id":163222,"date":"2021-02-10T12:02:11","date_gmt":"2021-02-10T11:02:11","guid":{"rendered":"https:\/\/zjarr.tv\/?p=163222"},"modified":"2021-02-10T12:02:11","modified_gmt":"2021-02-10T11:02:11","slug":"tom-doshi-ka-paraqitur-kerkesen-per-tu-regjistruar-ne-kqz-ne-zgjedhjet-e-25-prillit","status":"publish","type":"post","link":"https:\/\/zjarr.tv\/sq\/tom-doshi-ka-paraqitur-kerkesen-per-tu-regjistruar-ne-kqz-ne-zgjedhjet-e-25-prillit\/","title":{"rendered":"Tom Doshi ka paraqitur k\u00ebrkes\u00ebn p\u00ebr t\u2019u regjistruar n\u00eb KQZ n\u00eb zgjedhjet e 25 prillit\u2026"},"content":{"rendered":"<p style=\"line-height: 17.65pt; vertical-align: baseline;\"><span style=\"color: #464343;\">Tom Doshi, ka paraqitur n\u00eb Komisionin Qendror t\u00eb Zgjedhjeve, k\u00ebrkes\u00ebn p\u00ebr t\u2019u regjistruar n\u00eb zgjedhjet e 25 prillit.<\/span><\/p>\n<p style=\"line-height: 17.65pt; vertical-align: baseline;\"><span style=\"color: #464343;\">Sipas Ne\u00ebs 24, k\u00ebt\u00eb k\u00ebrkes\u00eb Tom Doshi, e ka b\u00ebr\u00eb n\u00eb cil\u00ebsin\u00eb e kryetarit t\u00eb Partis\u00eb Social-Demokrate (PSD).<\/span><\/p>\n<p style=\"line-height: 17.65pt; vertical-align: baseline;\"><span style=\"color: #464343;\">Regjistrimi i partis\u00eb s\u00eb Tom Doshit, vjen pak dit\u00eb pas thirrjes s\u00eb ambasadores s\u00eb SHBA n\u00eb Tiran\u00eb, Yuri Kim, e cila k\u00ebrkoi q\u00eb t\u00eb ndalohej t\u00eb kandidonte n\u00eb zgjedhjet e p\u00ebrgjithshme parlamentare.<\/span><\/p>\n<p style=\"line-height: 17.65pt; vertical-align: baseline;\"><span style=\"color: #464343;\">N\u00ebp\u00ebrmjet nj\u00eb statusi n\u00eb T\u00ebitter, Kim rikujtoi vendimin e DASH, p\u00ebr shpallen \u201cnon grada\u201d t\u00eb Tom Doshit. Doshit iu refuzua viza p\u00ebr n\u00eb SHBA n\u00eb vitin 2018-t\u00eb. Kim deklaroi se votuesit shqiptar\u00eb meritojn\u00eb m\u00eb shum\u00eb se kaq.<\/span><\/p>\n<p style=\"line-height: 17.65pt; vertical-align: baseline;\"><span style=\"color: #464343;\">\u201c<i>Nd\u00ebrsa autoritetet zgjedhore t\u00eb Shqip\u00ebris\u00eb p\u00ebrgatisin zgjedhjet, ia vlen t\u00eb kujtohet ky paralajm\u00ebrim i b\u00ebr\u00eb nga Sekretari i Shtetit n\u00eb SHBA-s\u00eb pas shqyrtimit t\u00eb kujdessh\u00ebm t\u00eb informacionit. Me siguri, votuesit e Shqip\u00ebris\u00eb meritojn\u00eb m\u00eb shum\u00eb,\u201d-<\/i>ka shkruar ambasadorja Yuri Kim.<\/span><\/p>\n","protected":false},"excerpt":{"rendered":"<p>Tom Doshi, ka paraqitur n\u00eb Komisionin Qendror t\u00eb Zgjedhjeve, k\u00ebrkes\u00ebn p\u00ebr t\u2019u regjistruar n\u00eb zgjedhjet e 25 prillit. Sipas Ne\u00ebs 24, k\u00ebt\u00eb k\u00ebrkes\u00eb Tom Doshi, e ka b\u00ebr\u00eb n\u00eb cil\u00ebsin\u00eb e kryetarit t\u00eb Partis\u00eb Social-Demokrate (PSD). Regjistrimi i partis\u00eb s\u00eb Tom Doshit, vjen pak dit\u00eb pas thirrjes s\u00eb ambasadores s\u00eb SHBA n\u00eb Tiran\u00eb, Yuri Kim, [&hellip;]<\/p>\n","protected":false},"author":2016,"featured_media":163224,"comment_status":"closed","ping_status":"closed","sticky":false,"template":"","format":"standard","meta":{"footnotes":""},"categories":[241],"tags":[1256],"class_list":{"0":"post-163222","1":"post","2":"type-post","3":"status-publish","4":"format-standard","5":"has-post-thumbnail","7":"category-aktualitet","8":"tag-lajme-zjarr-doshi-paraqet-kerkesen-per-tu-regjistruar-ne-zgjedhje-zjarr-tv"},"_links":{"self":[{"href":"https:\/\/zjarr.tv\/sq\/wp-json\/wp\/v2\/posts\/163222","targetHints":{"allow":["GET"]}}],"collection":[{"href":"https:\/\/zjarr.tv\/sq\/wp-json\/wp\/v2\/posts"}],"about":[{"href":"https:\/\/zjarr.tv\/sq\/wp-json\/wp\/v2\/types\/post"}],"author":[{"embeddable":true,"href":"https:\/\/zjarr.tv\/sq\/wp-json\/wp\/v2\/users\/2016"}],"replies":[{"embeddable":true,"href":"https:\/\/zjarr.tv\/sq\/wp-json\/wp\/v2\/comments?post=163222"}],"version-history":[{"count":0,"href":"https:\/\/zjarr.tv\/sq\/wp-json\/wp\/v2\/posts\/163222\/revisions"}],"wp:featuredmedia":[{"embeddable":true,"href":"https:\/\/zjarr.tv\/sq\/wp-json\/wp\/v2\/media\/163224"}],"wp:attachment":[{"href":"https:\/\/zjarr.tv\/sq\/wp-json\/wp\/v2\/media?parent=163222"}],"wp:term":[{"taxonomy":"category","embeddable":true,"href":"https:\/\/zjarr.tv\/sq\/wp-json\/wp\/v2\/categories?post=163222"},{"taxonomy":"post_tag","embeddable":true,"href":"https:\/\/zjarr.tv\/sq\/wp-json\/wp\/v2\/tags?post=163222"}],"curies":[{"name":"wp","href":"https:\/\/api.w.org\/{rel}","templated":true}]}}