{"id":163227,"date":"2021-02-10T12:12:45","date_gmt":"2021-02-10T11:12:45","guid":{"rendered":"https:\/\/zjarr.tv\/?p=163227"},"modified":"2021-02-10T12:13:38","modified_gmt":"2021-02-10T11:13:38","slug":"grabiti-pacientin-tek-infektivi-lihet-e-lire-ronida-hysi","status":"publish","type":"post","link":"https:\/\/zjarr.tv\/sq\/grabiti-pacientin-tek-infektivi-lihet-e-lire-ronida-hysi\/","title":{"rendered":"I mori lek\u00ebt pacientit tek Infektivi, lihet e lir\u00eb Ronida Hysi\u2026"},"content":{"rendered":"<p>Gjykata e Apelit n\u00eb Tiran\u00eb, ka vendosur qe t\u00eb liroj\u00eb nga qelia, infermieren Ronida Hysi.<\/p>\n<p>Togat e zeza kan\u00eb caktuar p\u00ebr t\u00eb mas\u00ebn e siguris\u00eb \u201carrest n\u00eb sht\u00ebpi\u201d. Ky vendim \u00ebsht\u00eb marr\u00eb, pasi 30-vje\u00e7arja ka nj\u00eb f\u00ebmij\u00eb t\u00eb mitur 2-vje\u00e7.<\/p>\n<p>Ronida Hysi \u00ebsht\u00eb arrestuar tek \u201cInfektivi\u201d. Hysi \u00ebsht\u00eb denoncuar nga emisioni investigatv \u201cStop\u201d, pasi dyshohet se i ka marr\u00eb nga portofoli nj\u00eb pacienti, nj\u00eb shum\u00eb prej 80 mij\u00eb lek\u00ebsh.<\/p>\n<p>Kujtojm\u00eb se; kan\u00eb qen\u00eb kamerat e siguris\u00eb ato t\u00eb cilat kan\u00eb \u201ctradhtuar\u201d Hysin, teksa e kan\u00eb kapur n\u00eb or\u00ebn 08:00 t\u00eb m\u00ebngjesit t\u00eb dat\u00ebs 25 dhjetor, n\u00eb nj\u00eb bankomat pran\u00eb QSUT.<\/p>\n<p><em style=\"font-weight: inherit;\">\u201cNj\u00eb vajz\u00eb me flok\u00eb t\u00eb kapura, q\u00eb kishte probleme me t\u00eb ecur\u00ebn n\u00eb k\u00ebmb\u00ebn e majt\u00eb q\u00eb kishte kryer veprime me kart\u00ebn e pacientit Kamber D,\u201d-<\/em>\u00a0thuhet nd\u00ebr t\u00eb tjera n\u00eb dojen hetimore.<\/p>\n<p>Nisur nga kjo, prokuror\u00ebt kan\u00eb administruar pamjet e kamerave t\u00eb siguris\u00eb s\u00eb spitalit Infektiv ku n\u00eb or\u00ebn 07:53 duket duke dal\u00eb nga ambientet e spitalit e nj\u00ebjta vajz\u00eb q\u00eb \u00ebsht\u00eb par\u00eb 7 minuta m\u00eb von\u00eb tek bankomati n\u00eb QSUT. Pasi kan\u00eb b\u00ebr\u00eb krahasimet dhe kan\u00eb marr\u00eb regjistrimin e personave q\u00eb ishin n\u00eb sh\u00ebrbim n\u00eb turnin e tret\u00eb tek Infektivi gjat\u00eb nat\u00ebs s\u00eb dat\u00ebs 24 dhjetor, prokuror\u00ebt kan\u00eb konstatuar se e dyshuara ishte pik\u00ebrisht Ronida Hysi.<\/p>\n<p>Gjithashtu pretendohet n\u00eb dosjen hetimore, se kur \u00ebsht\u00eb marr\u00eb n\u00eb pyetje, infermierja Ronida Hysi nuk ka mohuar p\u00ebrdorimin e kart\u00ebs s\u00eb pacientit duke th\u00ebn\u00eb se portofolin e kishte gjetur n\u00eb ashensorin e repartit Infektiv gjat\u00eb pun\u00ebs ku aty brenda ishte edhe kodi PIN.<\/p>\n<p>Kujtojm\u00eb q\u00eb edhe avokati i saj mbroj\u00ebs, e ka mbrojtur klientin e tij para trup\u00ebs gjyq\u00ebsore me pretekstin se; Hysi e kishte gjetur portofolin dhe nuk e kishte vjedhur.<\/p>\n","protected":false},"excerpt":{"rendered":"<p>Gjykata e Apelit n\u00eb Tiran\u00eb, ka vendosur qe t\u00eb liroj\u00eb nga qelia, infermieren Ronida Hysi. Togat e zeza kan\u00eb caktuar p\u00ebr t\u00eb mas\u00ebn e siguris\u00eb \u201carrest n\u00eb sht\u00ebpi\u201d. Ky vendim \u00ebsht\u00eb marr\u00eb, pasi 30-vje\u00e7arja ka nj\u00eb f\u00ebmij\u00eb t\u00eb mitur 2-vje\u00e7. Ronida Hysi \u00ebsht\u00eb arrestuar tek \u201cInfektivi\u201d. Hysi \u00ebsht\u00eb denoncuar nga emisioni investigatv \u201cStop\u201d, pasi dyshohet [&hellip;]<\/p>\n","protected":false},"author":2016,"featured_media":163229,"comment_status":"closed","ping_status":"closed","sticky":false,"template":"","format":"standard","meta":{"footnotes":""},"categories":[241],"tags":[1257],"class_list":{"0":"post-163227","1":"post","2":"type-post","3":"status-publish","4":"format-standard","5":"has-post-thumbnail","7":"category-aktualitet","8":"tag-lajme-zjarr-lihet-e-lire-ronida-hysi-zjarr-tv"},"_links":{"self":[{"href":"https:\/\/zjarr.tv\/sq\/wp-json\/wp\/v2\/posts\/163227","targetHints":{"allow":["GET"]}}],"collection":[{"href":"https:\/\/zjarr.tv\/sq\/wp-json\/wp\/v2\/posts"}],"about":[{"href":"https:\/\/zjarr.tv\/sq\/wp-json\/wp\/v2\/types\/post"}],"author":[{"embeddable":true,"href":"https:\/\/zjarr.tv\/sq\/wp-json\/wp\/v2\/users\/2016"}],"replies":[{"embeddable":true,"href":"https:\/\/zjarr.tv\/sq\/wp-json\/wp\/v2\/comments?post=163227"}],"version-history":[{"count":0,"href":"https:\/\/zjarr.tv\/sq\/wp-json\/wp\/v2\/posts\/163227\/revisions"}],"wp:featuredmedia":[{"embeddable":true,"href":"https:\/\/zjarr.tv\/sq\/wp-json\/wp\/v2\/media\/163229"}],"wp:attachment":[{"href":"https:\/\/zjarr.tv\/sq\/wp-json\/wp\/v2\/media?parent=163227"}],"wp:term":[{"taxonomy":"category","embeddable":true,"href":"https:\/\/zjarr.tv\/sq\/wp-json\/wp\/v2\/categories?post=163227"},{"taxonomy":"post_tag","embeddable":true,"href":"https:\/\/zjarr.tv\/sq\/wp-json\/wp\/v2\/tags?post=163227"}],"curies":[{"name":"wp","href":"https:\/\/api.w.org\/{rel}","templated":true}]}}