{"id":163234,"date":"2021-02-10T12:28:15","date_gmt":"2021-02-10T11:28:15","guid":{"rendered":"https:\/\/zjarr.tv\/?p=163234"},"modified":"2021-02-10T12:28:15","modified_gmt":"2021-02-10T11:28:15","slug":"monika-kryemadhi-perplaset-me-efektivet-ne-elbasan","status":"publish","type":"post","link":"https:\/\/zjarr.tv\/sq\/monika-kryemadhi-perplaset-me-efektivet-ne-elbasan\/","title":{"rendered":"Monika Kryemadhi p\u00ebrplaset me efektiv\u00ebt n\u00eb Elbasan\u2026"},"content":{"rendered":"<p>Kryetarja e L\u00ebvizjes Socialiste p\u00ebr Integrim, Monika Kryemadhi, ka zhvilluar nj\u00eb takim p\u00ebr arsimin n\u00eb kuad\u00ebr t\u00eb zgjedhjeve t\u00eb 25 prillit, n\u00eb Elbasan.<\/p>\n<p>N\u00eb p\u00ebrfundim t\u00eb k\u00ebtij takimi, nj\u00eb grup polic\u00ebsh i jan\u00eb afruar duke i kujtuar q\u00eb; nuk lejohen grumbullimet m\u00eb shum\u00eb se 10 veta, \u00a0n\u00eb baz\u00eb t\u00eb protokollit \u00a0t\u00eb masave t\u00eb marrave, duke i kujtuar q\u00eb duhet t\u00eb vinte mask\u00ebn.<\/p>\n<p>Kryetarja e LSI-s\u00eb, Monika Kryemadhi, i ka ftuar t\u00eb b\u00ebjn\u00eb detyr\u00ebn e t\u00eb vendosin gjob\u00eb n\u00eb rast se konstatojn\u00eb shkelje.<\/p>\n<p>\u201cNe k\u00ebtu jemi 7 veta\u201d thot\u00eb Kryemadhi\u00a0 teksa iu drejtohet polic\u00ebve duke th\u00ebn\u00eb \u201cvendosni gjob\u00ebn\u201d. \u201cMerruni me bandat, pastaj ejani vini gjobat p\u00ebr maskat\u201d, ka th\u00ebn\u00eb Kryemadhi.<\/p>\n","protected":false},"excerpt":{"rendered":"<p>Kryetarja e L\u00ebvizjes Socialiste p\u00ebr Integrim, Monika Kryemadhi, ka zhvilluar nj\u00eb takim p\u00ebr arsimin n\u00eb kuad\u00ebr t\u00eb zgjedhjeve t\u00eb 25 prillit, n\u00eb Elbasan. N\u00eb p\u00ebrfundim t\u00eb k\u00ebtij takimi, nj\u00eb grup polic\u00ebsh i jan\u00eb afruar duke i kujtuar q\u00eb; nuk lejohen grumbullimet m\u00eb shum\u00eb se 10 veta, \u00a0n\u00eb baz\u00eb t\u00eb protokollit \u00a0t\u00eb masave t\u00eb marrave, duke [&hellip;]<\/p>\n","protected":false},"author":2016,"featured_media":163236,"comment_status":"closed","ping_status":"closed","sticky":false,"template":"","format":"standard","meta":{"footnotes":""},"categories":[241],"tags":[1258],"class_list":{"0":"post-163234","1":"post","2":"type-post","3":"status-publish","4":"format-standard","5":"has-post-thumbnail","7":"category-aktualitet","8":"tag-lajme-zjarr-kryemadhi-perplaset-me-efektivet-zjarr-tv"},"_links":{"self":[{"href":"https:\/\/zjarr.tv\/sq\/wp-json\/wp\/v2\/posts\/163234","targetHints":{"allow":["GET"]}}],"collection":[{"href":"https:\/\/zjarr.tv\/sq\/wp-json\/wp\/v2\/posts"}],"about":[{"href":"https:\/\/zjarr.tv\/sq\/wp-json\/wp\/v2\/types\/post"}],"author":[{"embeddable":true,"href":"https:\/\/zjarr.tv\/sq\/wp-json\/wp\/v2\/users\/2016"}],"replies":[{"embeddable":true,"href":"https:\/\/zjarr.tv\/sq\/wp-json\/wp\/v2\/comments?post=163234"}],"version-history":[{"count":0,"href":"https:\/\/zjarr.tv\/sq\/wp-json\/wp\/v2\/posts\/163234\/revisions"}],"wp:featuredmedia":[{"embeddable":true,"href":"https:\/\/zjarr.tv\/sq\/wp-json\/wp\/v2\/media\/163236"}],"wp:attachment":[{"href":"https:\/\/zjarr.tv\/sq\/wp-json\/wp\/v2\/media?parent=163234"}],"wp:term":[{"taxonomy":"category","embeddable":true,"href":"https:\/\/zjarr.tv\/sq\/wp-json\/wp\/v2\/categories?post=163234"},{"taxonomy":"post_tag","embeddable":true,"href":"https:\/\/zjarr.tv\/sq\/wp-json\/wp\/v2\/tags?post=163234"}],"curies":[{"name":"wp","href":"https:\/\/api.w.org\/{rel}","templated":true}]}}