{"id":163238,"date":"2021-02-10T12:41:01","date_gmt":"2021-02-10T11:41:01","guid":{"rendered":"https:\/\/zjarr.tv\/?p=163238"},"modified":"2021-02-10T12:41:01","modified_gmt":"2021-02-10T11:41:01","slug":"debat-i-ashper-mes-alizotit-dhe-arbjan-maznikut-ishe-tek-nusreti-qe-te-hedh-kripe-nga-lart-ti-duhet-te-ishe-nen-hetim-se-ha-darka-me-milionere","status":"publish","type":"post","link":"https:\/\/zjarr.tv\/sq\/debat-i-ashper-mes-alizotit-dhe-arbjan-maznikut-ishe-tek-nusreti-qe-te-hedh-kripe-nga-lart-ti-duhet-te-ishe-nen-hetim-se-ha-darka-me-milionere\/","title":{"rendered":"Debat i ashp\u00ebr mes Alizotit dhe Arbjan Maznikut\/ Ishe tek Nusreti q\u00eb t\u00eb hedh krip\u00eb nga lart, ti duhet t\u00eb ishe n\u00ebn hetim se ha darka me milioner\u00eb\u2026"},"content":{"rendered":"<p>Mbr\u00ebmjen e djeshme n\u00eb emisionin \u201cOpen\u201d, \u00ebsht\u00eb zhvilluar nj\u00eb debat i ashp\u00ebr, mes an\u00ebtarit t\u00eb kryesis\u00eb s\u00eb PD-s\u00eb, Tomor Alizoti dhe n\u00ebnkryetarit t\u00eb Bashkis\u00eb s\u00eb Tiran\u00ebs, Arbjan Mazniku. Gjat\u00eb k\u00ebtij debate, nuk mbeti pa p\u00ebrmendur edhe darka e famshme n\u00eb restoratin luksoz n\u00eb Dubai.<\/p>\n<p>Alizoti:\u00a0<em style=\"font-weight: inherit;\">Un\u00eb do t\u00eb doja q\u00eb Basha t\u00eb flinte jo sot por 20 vite gjum\u00eb. Ti duhet t\u00eb ishe tek Nusreti, n\u00eb Dubai. Un\u00eb kam dinjitet. Nuk duhet t\u00eb ishe n\u00eb studio sot. Ti duhet t\u00eb ishe tek Nusreti q\u00eb t\u00eb hedh krip\u00eb nga lart. Nj\u00eb djal\u00eb t\u00eb vog\u00ebl e ke hedhur n\u00eb kosh plehrash. Nuk duhet t\u00eb ishe n\u00eb Shqip\u00ebri sot. Nuk duhet t\u00eb ishe n\u00eb studio sot.<\/em><\/p>\n<p>Alizoti:\u00a0<em style=\"font-weight: inherit;\">Ti je karagjoz, mos u lut fare. Ti duhet t\u00eb ishe n\u00ebn hetim se ha darka me milioner\u00eb. Ti po flet me Tomor Alizotin, jo me Bash\u00ebn, se dinjitetin e ka t\u00eb shenjt\u00eb. Futu kudo, gjeji Alizotit 1 cent dhe Alizoti nuk e di ku i bie Dubai se rri drejt. G\u00ebnjeni n\u00eb m\u00ebnyr\u00eb sistematike. Ti ke zero dinjitet. P\u00ebrdore vdekjen e nj\u00eb njeriu me t\u00eb pav\u00ebrtet\u00eb dhe nuk ke dinjitet. Je njeri q\u00eb flet p\u00ebr dinjitetin teksa g\u00ebnjen n\u00eb m\u00ebnyr\u00eb sistematike.<\/em><\/p>\n<p>Mazniku:\u00a0<em style=\"font-weight: inherit;\">Ti Po. N\u00eb krye t\u00eb detyr\u00ebs.<\/em><\/p>\n<p>Alizoti:\u00a0<em style=\"font-weight: inherit;\">Duke ngr\u00ebn\u00eb mish. Me persona si ty nuk ulem n\u00eb tavolin\u00eb. Kjo \u00ebsht\u00eb turp.<\/em><\/p>\n","protected":false},"excerpt":{"rendered":"<p>Mbr\u00ebmjen e djeshme n\u00eb emisionin \u201cOpen\u201d, \u00ebsht\u00eb zhvilluar nj\u00eb debat i ashp\u00ebr, mes an\u00ebtarit t\u00eb kryesis\u00eb s\u00eb PD-s\u00eb, Tomor Alizoti dhe n\u00ebnkryetarit t\u00eb Bashkis\u00eb s\u00eb Tiran\u00ebs, Arbjan Mazniku. Gjat\u00eb k\u00ebtij debate, nuk mbeti pa p\u00ebrmendur edhe darka e famshme n\u00eb restoratin luksoz n\u00eb Dubai. Alizoti:\u00a0Un\u00eb do t\u00eb doja q\u00eb Basha t\u00eb flinte jo sot por [&hellip;]<\/p>\n","protected":false},"author":2016,"featured_media":163240,"comment_status":"closed","ping_status":"closed","sticky":false,"template":"","format":"standard","meta":{"footnotes":""},"categories":[241],"tags":[1259],"class_list":{"0":"post-163238","1":"post","2":"type-post","3":"status-publish","4":"format-standard","5":"has-post-thumbnail","7":"category-aktualitet","8":"tag-lajme-zjarr-debat-mes-alizotit-dhe-arbjan-maznikut-zjarr-tv"},"_links":{"self":[{"href":"https:\/\/zjarr.tv\/sq\/wp-json\/wp\/v2\/posts\/163238","targetHints":{"allow":["GET"]}}],"collection":[{"href":"https:\/\/zjarr.tv\/sq\/wp-json\/wp\/v2\/posts"}],"about":[{"href":"https:\/\/zjarr.tv\/sq\/wp-json\/wp\/v2\/types\/post"}],"author":[{"embeddable":true,"href":"https:\/\/zjarr.tv\/sq\/wp-json\/wp\/v2\/users\/2016"}],"replies":[{"embeddable":true,"href":"https:\/\/zjarr.tv\/sq\/wp-json\/wp\/v2\/comments?post=163238"}],"version-history":[{"count":0,"href":"https:\/\/zjarr.tv\/sq\/wp-json\/wp\/v2\/posts\/163238\/revisions"}],"wp:featuredmedia":[{"embeddable":true,"href":"https:\/\/zjarr.tv\/sq\/wp-json\/wp\/v2\/media\/163240"}],"wp:attachment":[{"href":"https:\/\/zjarr.tv\/sq\/wp-json\/wp\/v2\/media?parent=163238"}],"wp:term":[{"taxonomy":"category","embeddable":true,"href":"https:\/\/zjarr.tv\/sq\/wp-json\/wp\/v2\/categories?post=163238"},{"taxonomy":"post_tag","embeddable":true,"href":"https:\/\/zjarr.tv\/sq\/wp-json\/wp\/v2\/tags?post=163238"}],"curies":[{"name":"wp","href":"https:\/\/api.w.org\/{rel}","templated":true}]}}