{"id":163241,"date":"2021-02-10T12:51:04","date_gmt":"2021-02-10T11:51:04","guid":{"rendered":"https:\/\/zjarr.tv\/?p=163241"},"modified":"2021-02-10T12:51:04","modified_gmt":"2021-02-10T11:51:04","slug":"patozi-zbulon-cfare-fshihet-pas-vendimit-te-rames-per-te-kandiduar-ne-durres","status":"publish","type":"post","link":"https:\/\/zjarr.tv\/sq\/patozi-zbulon-cfare-fshihet-pas-vendimit-te-rames-per-te-kandiduar-ne-durres\/","title":{"rendered":"Patozi zbulon \u00e7far\u00eb fshihet pas vendimit t\u00eb  Ram\u00ebs p\u00ebr t\u00eb kandiduar n\u00eb Durr\u00ebs\u2026"},"content":{"rendered":"<p>Astrit patozi, n\u00ebp\u00ebrmjet nj\u00eb postimi, n\u00eb rrjete sociale ka zbuluar arsyen se; p\u00ebrse Kryeministri Rama ka vendosur q\u00eb t\u00eb kandidoj\u00eb n\u00eb qarkun e Durr\u00ebsit, p\u00ebr zgjedhjet e 25 prillit.<\/p>\n<p>Sipas Patozit, Partia Socialiste e ndjen se; nuk i ka mir\u00eb pun\u00ebt n\u00eb Durr\u00ebs dhe Rama b\u00ebri k\u00ebt\u00eb l\u00ebvizje strategjike.<\/p>\n<p>Postimi i plot\u00eb:<\/p>\n<p><em style=\"font-weight: inherit;\">\u201cT\u2019UA LEM\u00cb N\u00cb DOR\u00cb THESIN E G\u00cbNJESHTRAVE<\/em><\/p>\n<p><em style=\"font-weight: inherit;\">Edi Rama paska th\u00ebn\u00eb se do t\u00eb bashkoj\u00eb Tiran\u00ebn me Durr\u00ebsin dhe p\u00ebr k\u00ebt\u00eb u dashka q\u00eb ai t\u00eb b\u00ebhet pak durrsak n\u00eb k\u00ebto zgjedhje. A thua se kjo b\u00ebhet me ndonj\u00eb vendim qeverie dhe nuk \u00ebsht\u00eb iniciativa e lir\u00eb e qindra mij\u00ebra shqiptar\u00ebve, t\u00eb cil\u00ebt kan\u00eb zgjedhur t\u00eb jetojn\u00eb dhe b\u00ebjn\u00eb biznes prej 30 vjet\u00ebsh n\u00eb zon\u00ebn m\u00eb t\u00eb populluar t\u00eb Shqip\u00ebris\u00eb.<\/em><\/p>\n<p><em style=\"font-weight: inherit;\">P\u00ebrkthimi, n\u00eb fakt, nuk \u00ebsht\u00eb kaq i v\u00ebshtir\u00eb. \u201cRilindja\u201d duket q\u00eb nuk i ka pun\u00ebt mir\u00eb n\u00eb Durr\u00ebs, por ai po do q\u00eb t\u00eb k\u00ebt\u00eb na e shes\u00eb si sakrific\u00eb t\u00eb vet\u00ebn p\u00ebr kombin. Nuk ka nevoj\u00eb t\u00eb lodhet kaq shum\u00eb, se ia njohim \u201cnderin\u201d.<\/em><\/p>\n<p><em style=\"font-weight: inherit;\"> Por kjo \u00ebsht\u00eb nj\u00eb tjet\u00ebr prov\u00eb e qart\u00eb se asgj\u00eb nuk ka ndryshuar dhe k\u00ebshtu do t\u00eb vazhdoj\u00eb deri m\u00eb 25 prill. Ata kan\u00eb hapur thesin e premtimeve dhe t\u00eb g\u00ebnjeshtrave me ngjyra dhe nuk do t\u00eb ndalen deri n\u00eb dit\u00ebn e fundit t\u00eb fushat\u00ebs. Me shpres\u00ebn se do t\u00eb na e hedhin edhe k\u00ebsaj radhe.<\/em><\/p>\n<p><em style=\"font-weight: inherit;\">Edhe ata t\u00eb tjer\u00ebt nuk do t\u00eb mbeten mbrapa, sepse t\u00eb nj\u00ebjt\u00ebs rac\u00eb u p\u00ebrkasin. Ndaj edhe duhen refuzuar si nj\u00eb paket\u00eb mashtruese m\u00eb 25 prill.\u201d<\/em>\u00a0\u2013 ka shkruar Astrit Patozi.<\/p>\n","protected":false},"excerpt":{"rendered":"<p>Astrit patozi, n\u00ebp\u00ebrmjet nj\u00eb postimi, n\u00eb rrjete sociale ka zbuluar arsyen se; p\u00ebrse Kryeministri Rama ka vendosur q\u00eb t\u00eb kandidoj\u00eb n\u00eb qarkun e Durr\u00ebsit, p\u00ebr zgjedhjet e 25 prillit. Sipas Patozit, Partia Socialiste e ndjen se; nuk i ka mir\u00eb pun\u00ebt n\u00eb Durr\u00ebs dhe Rama b\u00ebri k\u00ebt\u00eb l\u00ebvizje strategjike. Postimi i plot\u00eb: \u201cT\u2019UA LEM\u00cb N\u00cb [&hellip;]<\/p>\n","protected":false},"author":2016,"featured_media":163243,"comment_status":"closed","ping_status":"closed","sticky":false,"template":"","format":"standard","meta":{"footnotes":""},"categories":[241],"tags":[1260],"class_list":{"0":"post-163241","1":"post","2":"type-post","3":"status-publish","4":"format-standard","5":"has-post-thumbnail","7":"category-aktualitet","8":"tag-lajme-zjarr-patozi-zbulon-cfare-fshihet-pas-vendimit-te-rames-zjarr-tv"},"_links":{"self":[{"href":"https:\/\/zjarr.tv\/sq\/wp-json\/wp\/v2\/posts\/163241","targetHints":{"allow":["GET"]}}],"collection":[{"href":"https:\/\/zjarr.tv\/sq\/wp-json\/wp\/v2\/posts"}],"about":[{"href":"https:\/\/zjarr.tv\/sq\/wp-json\/wp\/v2\/types\/post"}],"author":[{"embeddable":true,"href":"https:\/\/zjarr.tv\/sq\/wp-json\/wp\/v2\/users\/2016"}],"replies":[{"embeddable":true,"href":"https:\/\/zjarr.tv\/sq\/wp-json\/wp\/v2\/comments?post=163241"}],"version-history":[{"count":0,"href":"https:\/\/zjarr.tv\/sq\/wp-json\/wp\/v2\/posts\/163241\/revisions"}],"wp:featuredmedia":[{"embeddable":true,"href":"https:\/\/zjarr.tv\/sq\/wp-json\/wp\/v2\/media\/163243"}],"wp:attachment":[{"href":"https:\/\/zjarr.tv\/sq\/wp-json\/wp\/v2\/media?parent=163241"}],"wp:term":[{"taxonomy":"category","embeddable":true,"href":"https:\/\/zjarr.tv\/sq\/wp-json\/wp\/v2\/categories?post=163241"},{"taxonomy":"post_tag","embeddable":true,"href":"https:\/\/zjarr.tv\/sq\/wp-json\/wp\/v2\/tags?post=163241"}],"curies":[{"name":"wp","href":"https:\/\/api.w.org\/{rel}","templated":true}]}}