{"id":163249,"date":"2021-02-10T13:35:55","date_gmt":"2021-02-10T12:35:55","guid":{"rendered":"https:\/\/zjarr.tv\/?p=163249"},"modified":"2021-02-10T13:35:55","modified_gmt":"2021-02-10T12:35:55","slug":"shtrengimi-i-masave-manastirliu-ja-si-do-te-vijoje-sezoni-i-provimeve-ne-universitete","status":"publish","type":"post","link":"https:\/\/zjarr.tv\/sq\/shtrengimi-i-masave-manastirliu-ja-si-do-te-vijoje-sezoni-i-provimeve-ne-universitete\/","title":{"rendered":"Shtr\u00ebngimi i masave\/ Manastirliu: Ja si do t\u00eb vijoj\u00eb sezoni i provimeve n\u00eb Universitete\u2026"},"content":{"rendered":"<p style=\"margin: 0in; line-height: 19.5pt; background: white;\"><span style=\"color: #2c2f34;\">Ministrja e Sh\u00ebndet\u00ebsis\u00eb Ogerta Manestirliu, p\u00ebrmes nj\u00eb konference t\u00eb mbajtur s\u00eb bashku me Komitetin e Ekspert\u00ebve, ka njoftuar shtr\u00ebngimin e masave kund\u00ebr pandemis\u00eb n\u00eb vend p\u00ebr dy jav\u00ebt e ardhshme.<\/span><\/p>\n<p style=\"line-height: 19.5pt; background: white; outline: none; box-sizing: border-box; font-variant-ligatures: normal; font-variant-caps: normal; orphans: 2; text-align: start; widows: 2; -webkit-text-stroke-width: 0px; text-decoration-thickness: initial; text-decoration-style: initial; text-decoration-color: initial; word-spacing: 0px; margin: 0in 0in 18.75pt 0in;\"><span style=\"color: #2c2f34;\">Sa i p\u00ebrket sezonit t\u00eb provimeve n\u00eb Universitete, Manastirliu b\u00ebri me dije se; do t\u00eb zgjatet sezoni p\u00ebr t\u00eb zhvilluar si provimet online, ashtu edhe provimet q\u00eb nevojiten t\u00eb b\u00ebhen n\u00eb auditore.<\/span><\/p>\n<p style=\"line-height: 19.5pt; background: white; outline: none; box-sizing: border-box; font-variant-ligatures: normal; font-variant-caps: normal; orphans: 2; text-align: start; widows: 2; -webkit-text-stroke-width: 0px; text-decoration-thickness: initial; text-decoration-style: initial; text-decoration-color: initial; word-spacing: 0px; margin: 0in 0in 18.75pt 0in;\"><span style=\"color: #2c2f34;\">\u201cNisur nga rritja e rasteve t\u00eb infektimeve t\u00eb reja n\u00eb grupmosh\u00ebn 15-24 vje\u00e7, shkollat e mesme do t\u00eb aplikojn\u00eb skenarin e tret\u00eb, pra at\u00eb online ne zonat e riskut t\u00eb lart\u00eb, ku p\u00ebrfshihen bashkit\u00eb: Tiran\u00eb, Fier, Vlor\u00eb, Berat, Durr\u00ebs, Gjirokast\u00ebr, Lezh\u00eb, Lushnje, Pogradec dhe Kam\u00ebz, p\u00ebr periudh\u00ebn 11 shkurt \u2013 26 shkurt.<\/span><\/p>\n<p style=\"margin: 0in; line-height: 19.5pt; background: white; outline: none; box-sizing: border-box; font-variant-ligatures: normal; font-variant-caps: normal; orphans: 2; text-align: start; widows: 2; -webkit-text-stroke-width: 0px; text-decoration-thickness: initial; text-decoration-style: initial; text-decoration-color: initial; word-spacing: 0px;\"><span style=\"color: #2c2f34;\">Sezoni i provimeve p\u00ebr universitetin do t\u00eb zgjatet, p\u00ebr t\u00eb siguruar kombinimin e provimeve online dhe n\u00eb auditor, p\u00ebr l\u00ebnd\u00ebt q\u00eb k\u00ebrkojn\u00eb prezenc\u00eb, sipas vler\u00ebsimit t\u00eb MASR, duke zbatuar rrept\u00ebsisht protokollet \u201d, ka th\u00ebn\u00eb Manastirliu.<\/span><\/p>\n","protected":false},"excerpt":{"rendered":"<p>Ministrja e Sh\u00ebndet\u00ebsis\u00eb Ogerta Manestirliu, p\u00ebrmes nj\u00eb konference t\u00eb mbajtur s\u00eb bashku me Komitetin e Ekspert\u00ebve, ka njoftuar shtr\u00ebngimin e masave kund\u00ebr pandemis\u00eb n\u00eb vend p\u00ebr dy jav\u00ebt e ardhshme. Sa i p\u00ebrket sezonit t\u00eb provimeve n\u00eb Universitete, Manastirliu b\u00ebri me dije se; do t\u00eb zgjatet sezoni p\u00ebr t\u00eb zhvilluar si provimet online, ashtu edhe [&hellip;]<\/p>\n","protected":false},"author":2016,"featured_media":163251,"comment_status":"closed","ping_status":"closed","sticky":false,"template":"","format":"standard","meta":{"footnotes":""},"categories":[241],"tags":[1262],"class_list":{"0":"post-163249","1":"post","2":"type-post","3":"status-publish","4":"format-standard","5":"has-post-thumbnail","7":"category-aktualitet","8":"tag-lajme-zjarr-manastirliu-shtrengimi-i-masave-zjarr-tv"},"_links":{"self":[{"href":"https:\/\/zjarr.tv\/sq\/wp-json\/wp\/v2\/posts\/163249","targetHints":{"allow":["GET"]}}],"collection":[{"href":"https:\/\/zjarr.tv\/sq\/wp-json\/wp\/v2\/posts"}],"about":[{"href":"https:\/\/zjarr.tv\/sq\/wp-json\/wp\/v2\/types\/post"}],"author":[{"embeddable":true,"href":"https:\/\/zjarr.tv\/sq\/wp-json\/wp\/v2\/users\/2016"}],"replies":[{"embeddable":true,"href":"https:\/\/zjarr.tv\/sq\/wp-json\/wp\/v2\/comments?post=163249"}],"version-history":[{"count":0,"href":"https:\/\/zjarr.tv\/sq\/wp-json\/wp\/v2\/posts\/163249\/revisions"}],"wp:featuredmedia":[{"embeddable":true,"href":"https:\/\/zjarr.tv\/sq\/wp-json\/wp\/v2\/media\/163251"}],"wp:attachment":[{"href":"https:\/\/zjarr.tv\/sq\/wp-json\/wp\/v2\/media?parent=163249"}],"wp:term":[{"taxonomy":"category","embeddable":true,"href":"https:\/\/zjarr.tv\/sq\/wp-json\/wp\/v2\/categories?post=163249"},{"taxonomy":"post_tag","embeddable":true,"href":"https:\/\/zjarr.tv\/sq\/wp-json\/wp\/v2\/tags?post=163249"}],"curies":[{"name":"wp","href":"https:\/\/api.w.org\/{rel}","templated":true}]}}