{"id":163254,"date":"2021-02-10T13:48:30","date_gmt":"2021-02-10T12:48:30","guid":{"rendered":"https:\/\/zjarr.tv\/?p=163254"},"modified":"2021-02-10T13:48:30","modified_gmt":"2021-02-10T12:48:30","slug":"infermieret-dalin-ne-gjyq-prokuroria-kane-fshire-te-gjitha-bisedat-me-tiren","status":"publish","type":"post","link":"https:\/\/zjarr.tv\/sq\/infermieret-dalin-ne-gjyq-prokuroria-kane-fshire-te-gjitha-bisedat-me-tiren\/","title":{"rendered":"Infermieret dalin n\u00eb gjyq\/ Prokuroria: Kan\u00eb fshir\u00eb t\u00eb gjitha bisedat me Tiren\u2026"},"content":{"rendered":"<p style=\"line-height: 17.65pt; vertical-align: baseline;\"><span style=\"color: #464343;\">Infermieret Mira Bushi, Sheqerije Ko\u00e7i, Sidorela \u00c7ela, dhe sanitarja Rukije Hoxhaj t\u00eb arrestuara lidhur me skandalin \u201cTire\u201d n\u00eb spitalin \u201cShefqet Ndroqi\u201d, kan\u00eb dal\u00eb sot para Gjykat\u00ebs p\u00ebr t\u2019u njohur me mas\u00ebn e siguris\u00eb.<\/span><\/p>\n<p style=\"line-height: 17.65pt; vertical-align: baseline;\"><span style=\"color: #464343;\">Prokuroria e Tiran\u00ebs ka k\u00ebrkuar arrest me burg, p\u00ebr tre infermieret dhe sanitaren tek \u201cShefqet Ndroqi\u201d.<\/span><\/p>\n<p style=\"line-height: 17.65pt; vertical-align: baseline;\"><span style=\"color: #464343;\">M\u00ebsohet se; nga telefonat e t\u00eb ndaluarave, t\u00eb cil\u00ebt do t\u00eb d\u00ebrgohen p\u00ebr ekspertiz\u00eb t\u00eb m\u00ebtejshme nga prokuroria, ka konstatuar q\u00eb jan\u00eb fshir\u00eb bisedat me Tiren, p\u00ebr t\u00eb fshehur provat.<\/span><\/p>\n<p style=\"line-height: 17.65pt; vertical-align: baseline;\"><span style=\"color: #464343;\">Tre infermieret dhe sanitarja e \u201cShefqet Ndroqit\u201d, kishin krijuar nj\u00eb skem\u00eb mashtrimi brenda spitalit, p\u00ebr t\u00eb marr\u00eb para nga pacient\u00ebt dhe familjar\u00ebt e tyre. Mbi to, r\u00ebndon akuza p\u00ebr shp\u00ebrdorim detyre dhe mashtrim.<\/span><\/p>\n","protected":false},"excerpt":{"rendered":"<p>Infermieret Mira Bushi, Sheqerije Ko\u00e7i, Sidorela \u00c7ela, dhe sanitarja Rukije Hoxhaj t\u00eb arrestuara lidhur me skandalin \u201cTire\u201d n\u00eb spitalin \u201cShefqet Ndroqi\u201d, kan\u00eb dal\u00eb sot para Gjykat\u00ebs p\u00ebr t\u2019u njohur me mas\u00ebn e siguris\u00eb. Prokuroria e Tiran\u00ebs ka k\u00ebrkuar arrest me burg, p\u00ebr tre infermieret dhe sanitaren tek \u201cShefqet Ndroqi\u201d. M\u00ebsohet se; nga telefonat e t\u00eb [&hellip;]<\/p>\n","protected":false},"author":2016,"featured_media":163259,"comment_status":"closed","ping_status":"closed","sticky":false,"template":"","format":"standard","meta":{"footnotes":""},"categories":[241],"tags":[1263],"class_list":{"0":"post-163254","1":"post","2":"type-post","3":"status-publish","4":"format-standard","5":"has-post-thumbnail","7":"category-aktualitet","8":"tag-lajme-zjarr-infermieret-dalin-ne-gjyq-zjarr-tv"},"_links":{"self":[{"href":"https:\/\/zjarr.tv\/sq\/wp-json\/wp\/v2\/posts\/163254","targetHints":{"allow":["GET"]}}],"collection":[{"href":"https:\/\/zjarr.tv\/sq\/wp-json\/wp\/v2\/posts"}],"about":[{"href":"https:\/\/zjarr.tv\/sq\/wp-json\/wp\/v2\/types\/post"}],"author":[{"embeddable":true,"href":"https:\/\/zjarr.tv\/sq\/wp-json\/wp\/v2\/users\/2016"}],"replies":[{"embeddable":true,"href":"https:\/\/zjarr.tv\/sq\/wp-json\/wp\/v2\/comments?post=163254"}],"version-history":[{"count":0,"href":"https:\/\/zjarr.tv\/sq\/wp-json\/wp\/v2\/posts\/163254\/revisions"}],"wp:featuredmedia":[{"embeddable":true,"href":"https:\/\/zjarr.tv\/sq\/wp-json\/wp\/v2\/media\/163259"}],"wp:attachment":[{"href":"https:\/\/zjarr.tv\/sq\/wp-json\/wp\/v2\/media?parent=163254"}],"wp:term":[{"taxonomy":"category","embeddable":true,"href":"https:\/\/zjarr.tv\/sq\/wp-json\/wp\/v2\/categories?post=163254"},{"taxonomy":"post_tag","embeddable":true,"href":"https:\/\/zjarr.tv\/sq\/wp-json\/wp\/v2\/tags?post=163254"}],"curies":[{"name":"wp","href":"https:\/\/api.w.org\/{rel}","templated":true}]}}