{"id":163261,"date":"2021-02-10T14:01:53","date_gmt":"2021-02-10T13:01:53","guid":{"rendered":"https:\/\/zjarr.tv\/?p=163261"},"modified":"2021-02-10T14:01:53","modified_gmt":"2021-02-10T13:01:53","slug":"shpetim-idrizi-me-pd-kemi-nje-marreveshje-kam-deshire-te-kandidoj-ne-tirane","status":"publish","type":"post","link":"https:\/\/zjarr.tv\/sq\/shpetim-idrizi-me-pd-kemi-nje-marreveshje-kam-deshire-te-kandidoj-ne-tirane\/","title":{"rendered":"Shp\u00ebtim Idrizi: Me PD kemi nj\u00eb marr\u00ebveshje, kam d\u00ebshir\u00eb t\u00eb kandidoj n\u00eb Tiran\u00eb\u2026"},"content":{"rendered":"<p>Kreu i PDIU, Shp\u00ebtim Idrizi, pas nj\u00eb takimi me kryetarin e PD-s\u00eb Lulzim Basha, b\u00ebri t\u00eb ditur se nuk ka asnj\u00eb dyshim, q\u00eb forca politike q\u00eb ai p\u00ebrfaq\u00ebson, do t\u00eb jet\u00eb n\u00eb krah t\u00eb PD n\u00eb zgjedhjet e 25 Prillit. Ai u shpreh se tashm\u00eb mes PDIU dhe PD, ka nj\u00eb marr\u00ebveshje q\u00eb do t\u00eb b\u00ebhet e ditur n\u00eb vijim.<\/p>\n<p>\u201c<em style=\"font-weight: inherit;\">Jan\u00eb diskutime q\u00eb b\u00ebhen pik\u00ebrisht p\u00ebr t\u00eb caktuar valencat por dhe at\u00eb sinergji t\u00eb nevojshme. Nuk ka asnj\u00eb dyshim q\u00eb PDIU do t\u00eb jet\u00eb n\u00eb krah t\u00eb PD-s\u00eb dhe q\u00eb do t\u00eb ket\u00eb nj\u00eb marr\u00ebveshje, kjo \u00ebsht\u00eb e qart\u00eb. N\u00eb fakt, ne po b\u00ebjm\u00eb nj\u00eb diskutim shum\u00eb m\u00eb t\u00eb gjer\u00eb se sa kaq, nuk kemi ecur me iden\u00eb p\u00ebr lista t\u00eb sigurta dhe t\u00eb pasigurta. \u00cbsht\u00eb nj\u00eb list\u00eb e opozit\u00ebs s\u00eb bashkuar ku primatin e ka PD. Ne i kemi vendosur piketat n\u00eb ato zona ku PDIU ndihmon p\u00ebr t\u00eb prodhuar mandatet p\u00ebr opozit\u00ebn e bashkuar\u201d<\/em>, ka th\u00ebn\u00eb Shp\u00ebtim Idrizi.<\/p>\n<p>I pyetur n\u00ebse ka nj\u00eb marr\u00ebveshje, kreu i PDIU, u shpreh: \u201c<em style=\"font-weight: inherit;\">Sigurisht edhe p\u00ebr PDIU \u00ebsht\u00eb dizenjuar nj\u00eb marr\u00ebveshje dhe do t\u00eb ket\u00eb nj\u00eb moment formal t\u00eb n\u00ebnshkrimit t\u00eb saj\u201d.<\/em><br \/>\nIdrizi tha nd\u00ebr t\u00eb tjera, se ai vet\u00eb preferon t\u00eb kandidoj\u00eb n\u00eb qarkun e Tiran\u00ebs.<br \/>\n\u201c<em style=\"font-weight: inherit;\">Un\u00eb p\u00ebr shum\u00eb arsye edhe p\u00ebr aktivitetin tim sigurisht q\u00eb preferoj t\u00eb jem n\u00eb Tiran\u00eb, k\u00ebtu e kam zhvilluar aktivitetin tim. Besoj do jem n\u00eb Tiran\u00eb<\/em>\u201d, tha \u00a0kreu i PDIU Shp\u00ebtim Idrizi.<\/p>\n","protected":false},"excerpt":{"rendered":"<p>Kreu i PDIU, Shp\u00ebtim Idrizi, pas nj\u00eb takimi me kryetarin e PD-s\u00eb Lulzim Basha, b\u00ebri t\u00eb ditur se nuk ka asnj\u00eb dyshim, q\u00eb forca politike q\u00eb ai p\u00ebrfaq\u00ebson, do t\u00eb jet\u00eb n\u00eb krah t\u00eb PD n\u00eb zgjedhjet e 25 Prillit. Ai u shpreh se tashm\u00eb mes PDIU dhe PD, ka nj\u00eb marr\u00ebveshje q\u00eb do t\u00eb [&hellip;]<\/p>\n","protected":false},"author":2016,"featured_media":163263,"comment_status":"closed","ping_status":"closed","sticky":false,"template":"","format":"standard","meta":{"footnotes":""},"categories":[241],"tags":[1264],"class_list":{"0":"post-163261","1":"post","2":"type-post","3":"status-publish","4":"format-standard","5":"has-post-thumbnail","7":"category-aktualitet","8":"tag-lajme-zjarr-flet-shpetim-idrizi-zjarr-tv"},"_links":{"self":[{"href":"https:\/\/zjarr.tv\/sq\/wp-json\/wp\/v2\/posts\/163261","targetHints":{"allow":["GET"]}}],"collection":[{"href":"https:\/\/zjarr.tv\/sq\/wp-json\/wp\/v2\/posts"}],"about":[{"href":"https:\/\/zjarr.tv\/sq\/wp-json\/wp\/v2\/types\/post"}],"author":[{"embeddable":true,"href":"https:\/\/zjarr.tv\/sq\/wp-json\/wp\/v2\/users\/2016"}],"replies":[{"embeddable":true,"href":"https:\/\/zjarr.tv\/sq\/wp-json\/wp\/v2\/comments?post=163261"}],"version-history":[{"count":0,"href":"https:\/\/zjarr.tv\/sq\/wp-json\/wp\/v2\/posts\/163261\/revisions"}],"wp:featuredmedia":[{"embeddable":true,"href":"https:\/\/zjarr.tv\/sq\/wp-json\/wp\/v2\/media\/163263"}],"wp:attachment":[{"href":"https:\/\/zjarr.tv\/sq\/wp-json\/wp\/v2\/media?parent=163261"}],"wp:term":[{"taxonomy":"category","embeddable":true,"href":"https:\/\/zjarr.tv\/sq\/wp-json\/wp\/v2\/categories?post=163261"},{"taxonomy":"post_tag","embeddable":true,"href":"https:\/\/zjarr.tv\/sq\/wp-json\/wp\/v2\/tags?post=163261"}],"curies":[{"name":"wp","href":"https:\/\/api.w.org\/{rel}","templated":true}]}}