{"id":163301,"date":"2021-02-10T14:55:16","date_gmt":"2021-02-10T13:55:16","guid":{"rendered":"https:\/\/zjarr.tv\/?p=163301"},"modified":"2021-02-10T14:55:16","modified_gmt":"2021-02-10T13:55:16","slug":"agron-duka-si-ne-90-en","status":"publish","type":"post","link":"https:\/\/zjarr.tv\/sq\/agron-duka-si-ne-90-en\/","title":{"rendered":"Agron Duka\/SI N\u00cb &#8217;90-\u00ebn!!!"},"content":{"rendered":"<p>Nga Agron Duka<\/p>\n<p>SI N\u00cb &#8217;90-\u00ebn!!!<\/p>\n<p>\u00cbsht\u00eb \u00e7\u00ebshtje jet\u00eb a vdekje! Shqip\u00ebria po zhb\u00ebhet p\u00ebrdit\u00eb. Rinia, forca q\u00eb rigjeneron vendin, po ik\u00ebn masivisht, nj\u00eblloj si n\u00eb vitet &#8217;90. Ata q\u00eb kan\u00eb mbetur, kan\u00eb l\u00ebn\u00eb jasht\u00eb pragut \u00e7do shpres\u00eb!<\/p>\n<p>Nj\u00eblloj si n\u00eb vitet &#8217;90 Edi Rama e ka kthyer Shqip\u00ebrin\u00eb n\u00eb nj\u00eb vend totalitarist, me opozit\u00eb fasad\u00eb t\u00eb em\u00ebruar prej tij, me Komitete Ekzekutive t\u00eb em\u00ebruara n\u00eb vend t\u00eb PUSHTETIT VENDOR T\u00cb ZGJEDHUR ME VOT\u00cb, me sistem drejt\u00ebsie jofunksional, me ekonomi t\u00eb centralizuar n\u00eb duart e OLIGARKIS\u00cb, q\u00eb ka asgj\u00ebsuar shtres\u00ebn e mesme dhe rritur keqas num\u00ebrin e t\u00eb varf\u00ebrve e t\u00eb mjer\u00ebve.<\/p>\n<p>K\u00cbTO ZGJEDHJE JAN\u00cb VENDIMTARE!!<\/p>\n<p>Vazhdimi i k\u00ebsaj rruge nga &#8220;timonieri&#8221; pa patent\u00eb \u00ebsht\u00eb vdekje p\u00ebr vendin! Varf\u00ebrim dhe shpopullim. Kthimi i &#8220;tepsixhiut&#8221; n\u00eb zanatin e piktorit dhe \u00e7lirimi i vendit nga totalitarizmi, rikthimi i ekonomis\u00eb s\u00eb tregut t\u00eb lir\u00eb, demokracis\u00eb, lirive t\u00eb individit dhe nd\u00ebrtimi i standarteve Per\u00ebndimore jan\u00eb RIFILLIM, aty ku e lam\u00eb n\u00eb koh\u00ebn e slloganit:<\/p>\n<p>&#8220;LIRI &#8211; DEMOKRACI<br \/>\nE DUAM SHQIP\u00cbRIN\u00cb SI GJITH\u00cb EUROPA&#8221;<\/p>\n","protected":false},"excerpt":{"rendered":"<p>Nga Agron Duka SI N\u00cb &#8217;90-\u00ebn!!! \u00cbsht\u00eb \u00e7\u00ebshtje jet\u00eb a vdekje! Shqip\u00ebria po zhb\u00ebhet p\u00ebrdit\u00eb. Rinia, forca q\u00eb rigjeneron vendin, po ik\u00ebn masivisht, nj\u00eblloj si n\u00eb vitet &#8217;90. Ata q\u00eb kan\u00eb mbetur, kan\u00eb l\u00ebn\u00eb jasht\u00eb pragut \u00e7do shpres\u00eb! Nj\u00eblloj si n\u00eb vitet &#8217;90 Edi Rama e ka kthyer Shqip\u00ebrin\u00eb n\u00eb nj\u00eb vend totalitarist, me opozit\u00eb [&hellip;]<\/p>\n","protected":false},"author":2031,"featured_media":97245,"comment_status":"closed","ping_status":"closed","sticky":false,"template":"","format":"standard","meta":{"footnotes":""},"categories":[1],"tags":[],"class_list":{"0":"post-163301","1":"post","2":"type-post","3":"status-publish","4":"format-standard","5":"has-post-thumbnail","7":"category-uncategorized-sq"},"_links":{"self":[{"href":"https:\/\/zjarr.tv\/sq\/wp-json\/wp\/v2\/posts\/163301","targetHints":{"allow":["GET"]}}],"collection":[{"href":"https:\/\/zjarr.tv\/sq\/wp-json\/wp\/v2\/posts"}],"about":[{"href":"https:\/\/zjarr.tv\/sq\/wp-json\/wp\/v2\/types\/post"}],"author":[{"embeddable":true,"href":"https:\/\/zjarr.tv\/sq\/wp-json\/wp\/v2\/users\/2031"}],"replies":[{"embeddable":true,"href":"https:\/\/zjarr.tv\/sq\/wp-json\/wp\/v2\/comments?post=163301"}],"version-history":[{"count":0,"href":"https:\/\/zjarr.tv\/sq\/wp-json\/wp\/v2\/posts\/163301\/revisions"}],"wp:featuredmedia":[{"embeddable":true,"href":"https:\/\/zjarr.tv\/sq\/wp-json\/wp\/v2\/media\/97245"}],"wp:attachment":[{"href":"https:\/\/zjarr.tv\/sq\/wp-json\/wp\/v2\/media?parent=163301"}],"wp:term":[{"taxonomy":"category","embeddable":true,"href":"https:\/\/zjarr.tv\/sq\/wp-json\/wp\/v2\/categories?post=163301"},{"taxonomy":"post_tag","embeddable":true,"href":"https:\/\/zjarr.tv\/sq\/wp-json\/wp\/v2\/tags?post=163301"}],"curies":[{"name":"wp","href":"https:\/\/api.w.org\/{rel}","templated":true}]}}