{"id":163317,"date":"2021-02-10T16:17:10","date_gmt":"2021-02-10T15:17:10","guid":{"rendered":"https:\/\/zjarr.tv\/?p=163317"},"modified":"2021-02-10T16:17:10","modified_gmt":"2021-02-10T15:17:10","slug":"erdogan-mos-me-sfido-mua-duhet-te-dish-kufijte-e-tu","status":"publish","type":"post","link":"https:\/\/zjarr.tv\/sq\/erdogan-mos-me-sfido-mua-duhet-te-dish-kufijte-e-tu\/","title":{"rendered":"Erdogan: Mos m\u00eb sfido mua, duhet t\u00eb dish kufijt\u00eb e tu"},"content":{"rendered":"<p><strong>TURQI<\/strong>\u2013 Presidenti turk, Recep Tayyip Erdo\u011fan, gjat\u00eb n\u00eb deklarate ku j\u2019u drejtua partive politike n\u00eb Turqi mbi miratimin e Kushtetut\u00ebs s\u00eb re,\u00a0ka deklaruar se \u201cbota duhet ta dij\u00eb se nuk do t\u00eb lejojm\u00eb q\u00eb qipriot\u00ebt turq t\u00eb jen\u00eb m\u00eb tej viktima t\u00eb mos zgjidhjes n\u00eb ishull q\u00eb vazhdon p\u00ebr gjys\u00ebm shekulli\u201d<\/p>\n<p><em>\u201cMos m\u00eb sfido mua, duhet t\u00eb dish kufijt\u00eb e tu. N\u00ebse nuk i din do t\u00eb thot\u00eb se ti e godite tryez\u00ebn, t\u2019i u largove. T\u2019i u beson disa maleve, por ato male jan\u00eb mbuluar me bor\u00eb, asnj\u00ebra prej tyre nuk t\u00eb sjell dobi. Nd\u00ebrsa ne i kryejm\u00eb vet\u00eb pun\u00ebt tona, ndaj do ta njoh\u00ebsh mir\u00eb Turqin\u00eb\u201d.-\u00a0<\/em>i\u2019u drejtua Erdogan kryeministrit grek Mitsotakis.<\/p>\n<p><em>\u201c\u00cbsht\u00eb e qart\u00eb se \u00e7far\u00eb b\u00ebni n\u00eb ishull. N\u00eb \u00e7far\u00eb besoni? Do t\u2018ju vij\u00eb ndihm\u00eb nga ndonj\u00eb vend, k\u00ebsaj i besoni? Gaboheni n\u00ebse i besoni k\u00ebsaj. Pavar\u00ebsisht se nga vjen, duhet t\u00eb dini se Turqia q\u00ebndron n\u00eb k\u00ebmb\u00eb, n\u00eb vendin e saj dhe di t\u00eb reflektoj\u00eb at\u00ebher\u00eb kur \u00ebsht\u00eb e nevojshme\u201d<\/em>,- tha m\u00eb tej presidenti turk.<\/p>\n<p>Presidenti turk p\u00ebrs\u00ebriti se zgjidhja e vetme e mosmarr\u00ebveshjes s\u00eb vazhdueshme n\u00eb Qipro \u00ebsht\u00eb modeli me dy shtete<\/p>\n<p>T\u00eb H\u00ebn\u00ebn, kryeministri grek b\u00ebri thirrje p\u00ebr t\u2019i dh\u00ebn\u00eb fund \u201cpushtimit turk\u201d n\u00eb Qipro, duke th\u00ebn\u00eb se zgjidhja e vetme p\u00ebr \u00e7\u00ebshtjen e Qipros ishte nj\u00eb formul\u00eb federale midis dy shteteve.<\/p>\n<p>Nd\u00ebrsa Greqia dhe administrata Greke Qipriote mb\u00ebshtesin nj\u00eb federat\u00eb n\u00eb Qipro, Turqia dhe Republika Turke e Qipros Veriore (TRNC) k\u00ebmb\u00ebngulin n\u00eb nj\u00eb zgjidhje me dy shtete q\u00eb pasqyrojn\u00eb realitetet n\u00eb ishull.<\/p>\n<p>Ishulli i Qipros \u00ebsht\u00eb ndar\u00eb q\u00eb nga 1974, kur nj\u00eb grusht shteti grek qipriot q\u00eb synonte aneksimin e ishullit nga Greqia u pasua nga dhuna kund\u00ebr turqve t\u00eb ishullit dhe nd\u00ebrhyrja e Ankaras\u00eb si nj\u00eb fuqi garantuese.\u00a0Ajo ka par\u00eb nj\u00eb proces paq\u00ebsor brenda dhe jasht\u00eb viteve t\u00eb fundit, duke p\u00ebrfshir\u00eb nj\u00eb iniciativ\u00eb t\u00eb d\u00ebshtuar t\u00eb vitit 2017 n\u00eb Zvic\u00ebr n\u00ebn kujdesin e vendeve garantuese Turqis\u00eb, Greqis\u00eb dhe MB.<\/p>\n<p>&nbsp;<\/p>\n","protected":false},"excerpt":{"rendered":"<p>TURQI\u2013 Presidenti turk, Recep Tayyip Erdo\u011fan, gjat\u00eb n\u00eb deklarate ku j\u2019u drejtua partive politike n\u00eb Turqi mbi miratimin e Kushtetut\u00ebs s\u00eb re,\u00a0ka deklaruar se \u201cbota duhet ta dij\u00eb se nuk do t\u00eb lejojm\u00eb q\u00eb qipriot\u00ebt turq t\u00eb jen\u00eb m\u00eb tej viktima t\u00eb mos zgjidhjes n\u00eb ishull q\u00eb vazhdon p\u00ebr gjys\u00ebm shekulli\u201d \u201cMos m\u00eb sfido mua, [&hellip;]<\/p>\n","protected":false},"author":2031,"featured_media":0,"comment_status":"closed","ping_status":"closed","sticky":false,"template":"","format":"standard","meta":{"footnotes":""},"categories":[231],"tags":[],"class_list":{"0":"post-163317","1":"post","2":"type-post","3":"status-publish","4":"format-standard","6":"category-lajme"},"_links":{"self":[{"href":"https:\/\/zjarr.tv\/sq\/wp-json\/wp\/v2\/posts\/163317","targetHints":{"allow":["GET"]}}],"collection":[{"href":"https:\/\/zjarr.tv\/sq\/wp-json\/wp\/v2\/posts"}],"about":[{"href":"https:\/\/zjarr.tv\/sq\/wp-json\/wp\/v2\/types\/post"}],"author":[{"embeddable":true,"href":"https:\/\/zjarr.tv\/sq\/wp-json\/wp\/v2\/users\/2031"}],"replies":[{"embeddable":true,"href":"https:\/\/zjarr.tv\/sq\/wp-json\/wp\/v2\/comments?post=163317"}],"version-history":[{"count":0,"href":"https:\/\/zjarr.tv\/sq\/wp-json\/wp\/v2\/posts\/163317\/revisions"}],"wp:attachment":[{"href":"https:\/\/zjarr.tv\/sq\/wp-json\/wp\/v2\/media?parent=163317"}],"wp:term":[{"taxonomy":"category","embeddable":true,"href":"https:\/\/zjarr.tv\/sq\/wp-json\/wp\/v2\/categories?post=163317"},{"taxonomy":"post_tag","embeddable":true,"href":"https:\/\/zjarr.tv\/sq\/wp-json\/wp\/v2\/tags?post=163317"}],"curies":[{"name":"wp","href":"https:\/\/api.w.org\/{rel}","templated":true}]}}