{"id":163329,"date":"2021-02-10T16:57:48","date_gmt":"2021-02-10T15:57:48","guid":{"rendered":"https:\/\/zjarr.tv\/?p=163329"},"modified":"2021-02-10T16:57:48","modified_gmt":"2021-02-10T15:57:48","slug":"agron-gjekmarkaj-daje-edi-dhe-teze-tirja","status":"publish","type":"post","link":"https:\/\/zjarr.tv\/sq\/agron-gjekmarkaj-daje-edi-dhe-teze-tirja\/","title":{"rendered":"Agron Gjekmarkaj: Daj\u00eb Edi dhe teze Tirja"},"content":{"rendered":"<p>Nga Agron Gjekmarkaj \u2013<\/p>\n<p>Sigurisht q\u00eb nuk e kemi harruar at\u00eb dit\u00eb t\u00eb bekuar kur Kryeministri yn\u00eb na u shfaq n\u00eb ushtrimin e nj\u00eb tjet\u00ebr dhuntie njer\u00ebzore, pas shum\u00eb t\u00eb tjerash q\u00eb i kishte l\u00ebvruar po me kaq nam e zulme. E si mund t\u2019i fshehim n\u00eb \u00e7etele t\u00eb kujtes\u00ebs Landin, djalin e brisht\u00eb, dhe Daj\u00ebn e tij rrabanak e hijer\u00ebnd\u00eb, q\u00eb nuk i duronte brek\u00ebt se i cimbisnin hallatet n\u00eb filmin \u201cI love Tropoja\u201d?!<\/p>\n<p>Vet\u00eb Edi Rama e luante rolin e Daj\u00ebs q\u00eb vr\u00e2n e kthjell\u00eb. Pas gjasht\u00eb vitesh asokohe n\u00eb pushtet, subkoshienca i tha t\u00eb shfaqej si daja, xhaja, baba i shqiptar\u00ebve. E bukur mir\u00eb, njer\u00ebzit n\u00eb fillim t\u00eb pakt\u00eb e m\u00eb pas m\u00eb t\u00eb shumt\u00eb filluan ta th\u00ebrrasin daj\u00eb Edi, \u201cshteti i Daj\u00ebs\u201d, \u201cqeveria e Daj\u00ebs\u201d, \u201cministrat e Daj\u00ebs\u201d, \u201ckoncesionet e Daj\u00ebs\u201d, \u201ckanabisi i Daj\u00ebs\u201d, \u201cakademik\u00ebt e Daj\u00ebs\u201d apo \u201cmjek\u00ebsia e Daj\u00ebs\u201d e tani s\u00eb fundmi \u201cTirja e Daj\u00ebs\u201d e shum\u00eb t\u00eb tjera asociacione. Edhe ne, p\u00ebr sintoni me tabanin popullor, p\u00ebr shkurt n\u00eb shtjellat e shkrimit po e th\u00ebrrasim Daja.<\/p>\n<p>N\u00eb shtetin e Daj\u00ebs po ndodhin shum\u00eb gj\u00ebra q\u00eb t\u00eb l\u00ebn\u00eb pa frym\u00eb e mend. Sa mbyll nj\u00eb skandal me dy qese vaksina, i hapet nj\u00eb tjet\u00ebr. T\u00eb gjitha bashk\u00eb zhvillohen n\u00eb subjektin e dram\u00ebs s\u00eb madhe t\u00eb pandemis\u00eb, e cila shkon p\u00ebr hesap t\u00eb vet nga i do qejfi. S\u00eb fundmi, n\u00eb spitalin \u201cShefqet Ndroqi\u201d, ku disa persona vran\u00eb veten, doli nj\u00eb personazh unik q\u00eb hapi der\u00ebn e nj\u00eb galerie me t\u00eb ngjash\u00ebm, Tirja, sanitarja horror.<\/p>\n<p>Vet\u00ebm n\u00eb Shqip\u00ebri, s\u00eb paku n\u00eb Europ\u00eb, n\u00eb koh\u00ebn e Kovidit mbizot\u00ebron frika p\u00ebr t\u00eb shkuar n\u00eb spital si vend pa kthim. Do t\u00eb ishte abuzim i pafalsh\u00ebm n\u00ebse i barazojm\u00eb t\u00eb gjith\u00eb mjek\u00ebt e infermier\u00ebt me Tiren dhe shoqet e saj me logjik\u00eb t\u00eb ftoht\u00eb kriminale e pa pik\u00ebn e m\u00ebshir\u00ebs njer\u00ebzore.<\/p>\n<p>Por hetimet e Prokuroris\u00eb, me sa kemi par\u00eb n\u00eb media, na l\u00ebn\u00eb t\u00eb kuptojm\u00eb se aty ka nj\u00eb fenomen, p\u00ebr t\u00eb cilin ka vite q\u00eb d\u00ebgjojm\u00eb, po tani na v\u00ebrtetohet me z\u00eb e figur\u00eb. Aty disa pacient\u00eb vran\u00eb veten dhe jo pak, aty nga hetimet mbi Tiren shohim se t\u00eb s\u00ebmur\u00ebt lihen pa ngr\u00ebn\u00eb e pa sh\u00ebrbim dhe zhvaten familjar\u00ebt. Shpresojm\u00eb shum\u00eb t\u00eb mos jet\u00eb mbizot\u00ebrues ky fakt, se i bie t\u00eb jemi n\u00eb nj\u00eb stad shtazor t\u00eb shoq\u00ebris\u00eb son\u00eb.<\/p>\n<p>Mes Daj\u00ebs, simbolit t\u00eb t\u00eb fort\u00ebve n\u00eb film e aktualitet dhe Tires, \u201ctezes\u201d s\u00eb veseve m\u00eb t\u00eb ul\u00ebta, nuk ka asnj\u00eb lidhje t\u00eb drejtp\u00ebrdrejt\u00eb. Por, n\u00eb filozofi po. G\u00ebnjeshtra \u00ebsht\u00eb e para. Mjek\u00ebsia falas, pat th\u00ebn\u00eb Daj\u00eb Edi, e ajo nuk ndodhi kurr\u00eb dhe Tirja nuk b\u00ebn asgj\u00eb falas, madje nuk g\u00ebnjen falas. Profesionist\u00ebt dhe jo militant\u00ebt na pat th\u00ebn\u00eb n\u00eb 2013 e 2017 dhe sot sh\u00ebndeti publik kudo administrohet me militant\u00eb, madje edhe familjarisht burr\u00eb e grua, nj\u00ebra politikat, tjetri administrimi.<\/p>\n<p>Daja i mbledh shpesh mjek\u00ebt n\u00eb k\u00ebto koh\u00eb pandemie dhe u mban fjalime n\u00eb oborre, pas tij ia kthen ministresha Manastirliu nj\u00eb altoparlant perfekt propagande, e t\u00eb dy bashk\u00eb u rrasin te k\u00ebmb\u00ebt nj\u00eb tas me lule, nd\u00ebrsa koncesionet oligark\u00ebve. Si \u00ebsht\u00eb rekrutuar Tirja Tireshat dhe Tirush\u00ebt e tjer\u00eb, \u00ebsht\u00eb nj\u00eb histori tjet\u00ebr, q\u00eb meriton m\u00eb v\u00ebmendje. Tirja sheh, lexon, d\u00ebgjon sesi administrohet paraja publike n\u00eb shtetin e Daj\u00ebs, si derri dhe dosa fshijn\u00eb l\u00ebmin, si njeriu pa virtyte dhunon ato t\u00eb t\u00eb tjer\u00ebve, si jepen tender\u00ebt dhe koncesionet, sa paguhet nj\u00eb km rrug\u00eb, si pasurohen pushtetar\u00ebt me sht\u00ebpi, vila, dyqane, llogari bankare dhe ndihet e fyer, si qytetari n\u00eb pun\u00eb t\u00eb vet nuk vlen asgj\u00eb.<\/p>\n<p>Ajo mendon q\u00eb nga formimi dhe karakteri deputet\u00ebt dhe ministrat s\u2019kan\u00eb asnj\u00eb ep\u00ebrsi as intelektuale e as etike dhe vendos t\u00eb z\u00ebr\u00eb kohen e humbur e t\u00eb mos bjer\u00eb n\u00eb depresion!! U mat kok\u00ebn me pe pacient\u00ebve t\u00eb s\u00ebmur\u00eb, ushtron at\u00eb \u201cpushtet\u201d q\u00eb ka n\u00eb m\u00ebnyr\u00ebn m\u00eb \u00e7njer\u00ebzore duke i posht\u00ebruar e l\u00ebn\u00eb pa buk\u00eb e nuk \u00ebsht\u00eb vet\u00ebm.<\/p>\n<p>Ajo njeh vet\u00ebm kultur\u00ebn e fitimit dhe g\u00ebnjeshtr\u00ebs. K\u00ebto jan\u00eb dy koncepte, q\u00eb n\u00eb shtetin e Daj\u00ebs jan\u00eb shnd\u00ebrruar n\u00eb kult si kurr\u00eb m\u00eb par\u00eb, se prezente kan\u00eb qen\u00eb gjithmon\u00eb. Daj\u00eb Edi dhe teze Tirja jan\u00eb dy skajet e pushtetit sipas mund\u00ebsis\u00eb dhe sfer\u00ebs. \u201cTeze\u201d Alldervishi dhe Daj\u00eb allishverishi kan\u00eb futur n\u00eb mes dhe shtypin mjek\u00ebt e sanitar\u00ebt dinjitoz\u00eb, e para me turp, i dyti me p\u00ebrdorim politik.<\/p>\n<p>Ata duhet t\u00eb na e tregojn\u00eb rrug\u00ebn e liris\u00eb s\u00eb tyre, liri pa t\u00eb cil\u00ebn s\u2019ka jet\u00eb cil\u00ebsore n\u00eb k\u00ebt\u00eb vend. \u201cDaj\u00eb\u201d Edi dhe \u201cteze\u201d Tirja nuk bashkohem n\u00eb form\u00eb, por n\u00eb mend\u00ebsi.<\/p>\n<p>&nbsp;<\/p>\n","protected":false},"excerpt":{"rendered":"<p>Nga Agron Gjekmarkaj \u2013 Sigurisht q\u00eb nuk e kemi harruar at\u00eb dit\u00eb t\u00eb bekuar kur Kryeministri yn\u00eb na u shfaq n\u00eb ushtrimin e nj\u00eb tjet\u00ebr dhuntie njer\u00ebzore, pas shum\u00eb t\u00eb tjerash q\u00eb i kishte l\u00ebvruar po me kaq nam e zulme. E si mund t\u2019i fshehim n\u00eb \u00e7etele t\u00eb kujtes\u00ebs Landin, djalin e brisht\u00eb, dhe [&hellip;]<\/p>\n","protected":false},"author":2031,"featured_media":163334,"comment_status":"closed","ping_status":"closed","sticky":false,"template":"","format":"standard","meta":{"footnotes":""},"categories":[364],"tags":[],"class_list":{"0":"post-163329","1":"post","2":"type-post","3":"status-publish","4":"format-standard","5":"has-post-thumbnail","7":"category-koment-opinion"},"_links":{"self":[{"href":"https:\/\/zjarr.tv\/sq\/wp-json\/wp\/v2\/posts\/163329","targetHints":{"allow":["GET"]}}],"collection":[{"href":"https:\/\/zjarr.tv\/sq\/wp-json\/wp\/v2\/posts"}],"about":[{"href":"https:\/\/zjarr.tv\/sq\/wp-json\/wp\/v2\/types\/post"}],"author":[{"embeddable":true,"href":"https:\/\/zjarr.tv\/sq\/wp-json\/wp\/v2\/users\/2031"}],"replies":[{"embeddable":true,"href":"https:\/\/zjarr.tv\/sq\/wp-json\/wp\/v2\/comments?post=163329"}],"version-history":[{"count":0,"href":"https:\/\/zjarr.tv\/sq\/wp-json\/wp\/v2\/posts\/163329\/revisions"}],"wp:featuredmedia":[{"embeddable":true,"href":"https:\/\/zjarr.tv\/sq\/wp-json\/wp\/v2\/media\/163334"}],"wp:attachment":[{"href":"https:\/\/zjarr.tv\/sq\/wp-json\/wp\/v2\/media?parent=163329"}],"wp:term":[{"taxonomy":"category","embeddable":true,"href":"https:\/\/zjarr.tv\/sq\/wp-json\/wp\/v2\/categories?post=163329"},{"taxonomy":"post_tag","embeddable":true,"href":"https:\/\/zjarr.tv\/sq\/wp-json\/wp\/v2\/tags?post=163329"}],"curies":[{"name":"wp","href":"https:\/\/api.w.org\/{rel}","templated":true}]}}