{"id":164674,"date":"2021-02-19T16:36:09","date_gmt":"2021-02-19T15:36:09","guid":{"rendered":"https:\/\/zjarr.tv\/?p=164674"},"modified":"2021-02-19T16:37:16","modified_gmt":"2021-02-19T15:37:16","slug":"gjykata-e-larte-rrezon-kerkesen-e-ish-prokurorit-llalla","status":"publish","type":"post","link":"https:\/\/zjarr.tv\/sq\/gjykata-e-larte-rrezon-kerkesen-e-ish-prokurorit-llalla\/","title":{"rendered":"Gjykata e Lart\u00eb rr\u00ebzon k\u00ebrkes\u00ebn e , ish-prokurorit Llalla"},"content":{"rendered":"<p>Gjykata e Lart\u00eb ka vendosur q\u00eb \u00e7\u00ebshtja e ish-prokurorit Adriatik Llalla ti kaloj\u00eb GJKKO-s\u00eb.<\/p>\n<p>Ish-kryeprokurori kishte k\u00ebrkuar q\u00eb \u00e7\u00ebshtja e tij ti kalonte Gjykat\u00ebs s\u00eb Tiran\u00ebs, por tashm\u00eb fati i tij do t\u00eb jet\u00eb n\u00eb dor\u00eb t\u00eb Gjykat\u00ebs s\u00eb Posa\u00e7me Kund\u00ebr Korrupsionit dhe Krimit t\u00eb Organizuar.<\/p>\n<p>Llalla i ishte drejtuar me rekurs Gjykat\u00ebs s\u00eb Lart\u00eb p\u00ebr t\u00eb kund\u00ebrshtuar vendimin e Gjykat\u00ebs s\u00eb Posa\u00e7me t\u00eb Apelit q\u00eb i vendosi n\u00ebn sekustro pasurit\u00eb.<\/p>\n<p>Pak dit\u00eb m\u00eb par\u00eb, Apeli i Posa\u00e7\u00ebm rivendosi n\u00eb sekuestro nj\u00eb apartament n\u00eb Durr\u00ebs, si edhe 20 mij\u00eb metra katror\u00eb tok\u00eb n\u00eb pron\u00ebsi t\u00eb Llall\u00ebs n\u00eb Tiran\u00eb. Ish-kryeprokurori pretendon se Apeli i Posa\u00e7\u00ebm n\u00eb vendimin e tij ka dal\u00eb jasht\u00eb k\u00ebrkesave t\u00eb Prokuroris\u00eb.<\/p>\n<p>Fillimisht Gjykata Speciale i hoqi sekuestron e pasurive ndaj Llall\u00ebs, por Apeli rr\u00ebzoi vendimin e Shkall\u00ebs s\u00eb Par\u00eb duke l\u00ebn\u00eb n\u00eb fuqi k\u00ebrkes\u00ebn e Prokuroris\u00eb.<\/p>\n<p>Llalla \u00ebsht\u00eb marr\u00eb i pandehur p\u00ebr mosdeklarim dhe fshehje pasurie, dhe tani e tutje do t\u00eb hetohet nga GJKKO.<\/p>\n<p>&nbsp;<\/p>\n<p>&nbsp;<\/p>\n<p>&nbsp;<\/p>\n","protected":false},"excerpt":{"rendered":"<p>Gjykata e Lart\u00eb ka vendosur q\u00eb \u00e7\u00ebshtja e ish-prokurorit Adriatik Llalla ti kaloj\u00eb GJKKO-s\u00eb. Ish-kryeprokurori kishte k\u00ebrkuar q\u00eb \u00e7\u00ebshtja e tij ti kalonte Gjykat\u00ebs s\u00eb Tiran\u00ebs, por tashm\u00eb fati i tij do t\u00eb jet\u00eb n\u00eb dor\u00eb t\u00eb Gjykat\u00ebs s\u00eb Posa\u00e7me Kund\u00ebr Korrupsionit dhe Krimit t\u00eb Organizuar. Llalla i ishte drejtuar me rekurs Gjykat\u00ebs s\u00eb Lart\u00eb [&hellip;]<\/p>\n","protected":false},"author":2031,"featured_media":164678,"comment_status":"closed","ping_status":"closed","sticky":false,"template":"","format":"standard","meta":{"footnotes":""},"categories":[231,235],"tags":[],"class_list":{"0":"post-164674","1":"post","2":"type-post","3":"status-publish","4":"format-standard","5":"has-post-thumbnail","7":"category-lajme","8":"category-vendi"},"_links":{"self":[{"href":"https:\/\/zjarr.tv\/sq\/wp-json\/wp\/v2\/posts\/164674","targetHints":{"allow":["GET"]}}],"collection":[{"href":"https:\/\/zjarr.tv\/sq\/wp-json\/wp\/v2\/posts"}],"about":[{"href":"https:\/\/zjarr.tv\/sq\/wp-json\/wp\/v2\/types\/post"}],"author":[{"embeddable":true,"href":"https:\/\/zjarr.tv\/sq\/wp-json\/wp\/v2\/users\/2031"}],"replies":[{"embeddable":true,"href":"https:\/\/zjarr.tv\/sq\/wp-json\/wp\/v2\/comments?post=164674"}],"version-history":[{"count":0,"href":"https:\/\/zjarr.tv\/sq\/wp-json\/wp\/v2\/posts\/164674\/revisions"}],"wp:featuredmedia":[{"embeddable":true,"href":"https:\/\/zjarr.tv\/sq\/wp-json\/wp\/v2\/media\/164678"}],"wp:attachment":[{"href":"https:\/\/zjarr.tv\/sq\/wp-json\/wp\/v2\/media?parent=164674"}],"wp:term":[{"taxonomy":"category","embeddable":true,"href":"https:\/\/zjarr.tv\/sq\/wp-json\/wp\/v2\/categories?post=164674"},{"taxonomy":"post_tag","embeddable":true,"href":"https:\/\/zjarr.tv\/sq\/wp-json\/wp\/v2\/tags?post=164674"}],"curies":[{"name":"wp","href":"https:\/\/api.w.org\/{rel}","templated":true}]}}