{"id":164737,"date":"2021-02-20T12:24:55","date_gmt":"2021-02-20T11:24:55","guid":{"rendered":"https:\/\/zjarr.tv\/?p=164737"},"modified":"2021-02-20T12:24:55","modified_gmt":"2021-02-20T11:24:55","slug":"edi-rama-nderkohe-qe-ne-vazhdojme-vaksinimin-140-shtete-pa-vaksine","status":"publish","type":"post","link":"https:\/\/zjarr.tv\/sq\/edi-rama-nderkohe-qe-ne-vazhdojme-vaksinimin-140-shtete-pa-vaksine\/","title":{"rendered":"Edi Rama: Nd\u00ebrkoh\u00eb q\u00eb ne vazhdojm\u00eb vaksinimin, 140 shtete pa vaksin\u00eb\u2026"},"content":{"rendered":"<p>Nd\u00ebrkoh\u00eb q\u00eb n\u00eb Shqip\u00ebri, ka nisur prej dit\u00ebsh vaksinimi i i bluzave t\u00eb bardha, Kryeministri Rama shprehet se; 140 shtete nuk kan\u00eb marr\u00eb ende asnj\u00eb doz\u00eb vaksin\u00eb.<\/p>\n<p>Kreu i qeveris\u00eb, n\u00ebp\u00ebrmjet nj\u00eb postimi n\u00eb rrjetet sociale, shprehet se; brenda marsit do jet\u00eb vaksinuar \u00e7do mjek e infermier dhe m\u00eb pas do t\u00eb vijohet me vaksinimin e atyre mbi 80 vje\u00e7. Rama tregon gjithashtu edhe se qeveria \u00ebsht\u00eb optimiste se mund t\u00eb merren sasi t\u00eb tjera dozash, p\u00ebr t\u00eb rritur numrin e vaksinimeve.<\/p>\n<p>Kryeministri, nuk l\u00eb pa p\u00ebrmendur edhe ata q\u00eb e kan\u00eb kritikuar gjat\u00eb k\u00ebsaj kohe, duke u shprehur se fatkeq\u00ebsi e madhe\u00a0 e k\u00ebtij vendi, \u00ebsht\u00eb helmi q\u00eb prodhohet.<\/p>\n<p><strong style=\"font-style: inherit;\">Postimi:\u00a0<\/strong><\/p>\n<p><em>\u201c140 shtete, nd\u00ebr t\u00eb cilat edhe shtete t\u00eb rajonit ton\u00eb, nuk kan\u00eb marr\u00eb ende asnj\u00eb doze vaksine, nd\u00ebrkoh\u00eb q\u00eb ne vazhdojm\u00eb vaksinimin e bluzave t\u00eb bardha dhe t\u00eb t\u00eb moshuarve n\u00eb sht\u00ebpit\u00eb e kujdesit shtet\u00ebror, si edhe personelit n\u00eb sh\u00ebrbim t\u00eb tyre<\/em><\/p>\n<p><em>Brenda marsit do jet\u00eb vaksinuar \u00e7do mjek e infermier, si edhe do jemi duke vijuar vaksinimin e +80 vje\u00e7ar\u00ebve, nd\u00ebrkoh\u00eb q\u00eb jemi optimist\u00eb p\u00ebr marrjen nj\u00ebkoh\u00ebsisht t\u00eb sasive t\u00eb tjera p\u00ebr t\u00eb rritur numrin e vaksinimeve<\/em><\/p>\n<p><em>Fatkeq\u00ebsi e madhe e k\u00ebtij vendi helmi q\u00eb prodhohet pa ndalim e as turp, nga ata q\u00eb e b\u00ebjn\u00eb p\u00ebrdit\u00eb e m\u00eb t\u00eb ndjeshme munges\u00ebn e nj\u00eb vaksine kund\u00ebr t\u00ebrbimit t\u00eb njeriut\u201d<\/em>, shkruan Rama.<\/p>\n","protected":false},"excerpt":{"rendered":"<p>Nd\u00ebrkoh\u00eb q\u00eb n\u00eb Shqip\u00ebri, ka nisur prej dit\u00ebsh vaksinimi i i bluzave t\u00eb bardha, Kryeministri Rama shprehet se; 140 shtete nuk kan\u00eb marr\u00eb ende asnj\u00eb doz\u00eb vaksin\u00eb. Kreu i qeveris\u00eb, n\u00ebp\u00ebrmjet nj\u00eb postimi n\u00eb rrjetet sociale, shprehet se; brenda marsit do jet\u00eb vaksinuar \u00e7do mjek e infermier dhe m\u00eb pas do t\u00eb vijohet me vaksinimin [&hellip;]<\/p>\n","protected":false},"author":2016,"featured_media":164739,"comment_status":"closed","ping_status":"closed","sticky":false,"template":"","format":"standard","meta":{"footnotes":""},"categories":[241],"tags":[1391],"class_list":{"0":"post-164737","1":"post","2":"type-post","3":"status-publish","4":"format-standard","5":"has-post-thumbnail","7":"category-aktualitet","8":"tag-lajme-zjarr-rama-ne-vaksinohemi-140-shtete-pa-vaksine-zjarr-tv"},"_links":{"self":[{"href":"https:\/\/zjarr.tv\/sq\/wp-json\/wp\/v2\/posts\/164737","targetHints":{"allow":["GET"]}}],"collection":[{"href":"https:\/\/zjarr.tv\/sq\/wp-json\/wp\/v2\/posts"}],"about":[{"href":"https:\/\/zjarr.tv\/sq\/wp-json\/wp\/v2\/types\/post"}],"author":[{"embeddable":true,"href":"https:\/\/zjarr.tv\/sq\/wp-json\/wp\/v2\/users\/2016"}],"replies":[{"embeddable":true,"href":"https:\/\/zjarr.tv\/sq\/wp-json\/wp\/v2\/comments?post=164737"}],"version-history":[{"count":0,"href":"https:\/\/zjarr.tv\/sq\/wp-json\/wp\/v2\/posts\/164737\/revisions"}],"wp:featuredmedia":[{"embeddable":true,"href":"https:\/\/zjarr.tv\/sq\/wp-json\/wp\/v2\/media\/164739"}],"wp:attachment":[{"href":"https:\/\/zjarr.tv\/sq\/wp-json\/wp\/v2\/media?parent=164737"}],"wp:term":[{"taxonomy":"category","embeddable":true,"href":"https:\/\/zjarr.tv\/sq\/wp-json\/wp\/v2\/categories?post=164737"},{"taxonomy":"post_tag","embeddable":true,"href":"https:\/\/zjarr.tv\/sq\/wp-json\/wp\/v2\/tags?post=164737"}],"curies":[{"name":"wp","href":"https:\/\/api.w.org\/{rel}","templated":true}]}}