{"id":164740,"date":"2021-02-20T12:50:33","date_gmt":"2021-02-20T11:50:33","guid":{"rendered":"https:\/\/zjarr.tv\/?p=164740"},"modified":"2021-02-20T12:50:33","modified_gmt":"2021-02-20T11:50:33","slug":"sali-berisha-kujton-diten-e-rrezimit-te-bustit-te-enver-hoxhes-dhe-u-ben-thirrje-qytetareve-ne-25-prill-votoni-per-clirimin-shqiperise-dhe-fitoren-e-pd-se","status":"publish","type":"post","link":"https:\/\/zjarr.tv\/sq\/sali-berisha-kujton-diten-e-rrezimit-te-bustit-te-enver-hoxhes-dhe-u-ben-thirrje-qytetareve-ne-25-prill-votoni-per-clirimin-shqiperise-dhe-fitoren-e-pd-se\/","title":{"rendered":"Sali Berisha kujton dit\u00ebn e rr\u00ebzimit t\u00eb bustit t\u00eb Enver Hoxh\u00ebs dhe u b\u00ebn thirrje qytetar\u00ebve: N\u00eb 25 prill votoni p\u00ebr \u00e7lirimin Shqip\u00ebris\u00eb dhe fitoren e PD-s\u00eb\u2026"},"content":{"rendered":"<p><em>Ish-kryeministri Sali Berisha, ka kujtuar <\/em>dit\u00ebn e rr\u00ebzimit t\u00eb bustit t\u00eb Enver Hoxh\u00ebs, <em>\u201cTriumfi i shqiptar\u00ebve mbi barbarin\u00eb\u201d<\/em>. Si sot 30 vite m\u00eb par\u00eb, mij\u00ebra qytetar\u00eb u ngrit\u00ebn p\u00ebr t\u00eb shembur simbolin e komunizmit, pak muaj pasi regjimi i vjet\u00ebr q\u00eb po jetonte dit\u00ebt e tij t\u00eb fundit, kishte lejuar pluralizmin politik.<\/p>\n<p>Berisha, n\u00ebp\u00ebrmjet nj\u00eb postimi t\u00eb gjat\u00eb n\u00eb rrjetet sociale, shkruan se; 20 shkurti 1991, \u00ebsht\u00eb dita e ngadh\u00ebnjimit, e \u00e7lirimit t\u00eb qytetar\u00ebve shqiptar nga kulti, adhurimi i p\u00ebrbind\u00ebshit t\u00eb historis\u00eb s\u00eb tyr\u00eb komb\u00ebtare, Enver Hoxhes.<\/p>\n<p>Ish-kryeministri, ka hedhur edhe akuza ndaj Kryeministrit Edi Rama ku shkruan\u00a0<em style=\"font-weight: inherit;\">\u201cbastardi i bllokmeneve xhelat t\u00eb shqiptar\u00ebve Edvin Kristaq Rama ka marr\u00eb peng Shqip\u00ebrin\u00eb dhe demokracine e saj<\/em>\u201d.<\/p>\n<p>Nd\u00ebr t\u00eb tjera, Berisha u ka b\u00ebr\u00eb thirrje qytetar\u00ebve, q\u00eb me 25 prill t\u00eb votojn\u00eb p\u00ebr \u00e7lirimin e Shqip\u00ebris\u00eb dhe fitoren e Partise Demokratike dhe opozit\u00ebs shqiptare.<\/p>\n<p><strong style=\"font-style: inherit;\">Postimi i Berish\u00ebs:<\/strong><\/p>\n<p><em style=\"font-weight: inherit;\">\u00a0<\/em><\/p>\n<p><em>\u201cSot 30 vjetori i triumfit te shqiptareve mbi barbarine!<\/em><\/p>\n<p><em style=\"font-weight: inherit;\">Dita e kujteses tone kombetare!!<\/em><\/p>\n<p><em style=\"font-weight: inherit;\">Te dashur miq, si sot 30 vite me pare ora 14:05 e dates 20 shkurt te vitit 1991 do te shenonte ngadhenjimin e Lirise dhe Dinjitetit te shqiptareve, ish njerezve me te shtypur te kohes mbi barbarine dhe kultin poshterues te Enver Hoxhes, kryexhelatit te historise se tyre.<\/em><\/p>\n<p><em style=\"font-weight: inherit;\">Me 20 shkurt te vitit 1991 qindra mijra qytetare te Tiranes dhe mbare Shqiperise u bashkuan ne Qytetin Studenti ne revolten me masive, me te fuqishme ne tere historine tone te organizuar nga PD, sindikata te pavarura, levizja studentore ne mbeshtetje te greves se urise te mbi 720 qytetareve, greve kjo e organizuar nga Partia Demokratike dhe Shoqata Studentore Shqiptare.<\/em><\/p>\n<p><em style=\"font-weight: inherit;\">Me 20 shkurt te vitit 1991 uragani i lirise i qytetareve, te rinjve, studenteve, te persekutuarve, me i madhi qe Shqiperia ka njohur ne tere ekzistencen e saj, do vershonte nga qyteti Studenti drejt sheshit Skenderbej dhe me nje energji \u201cnukleare\u201d, guxim ne kufinjte e legjendes do te perballej me diktaturen me te eger te Europes, duke e mposhtur ate do te permbyste ne ora 14:05 shtatoren e diktatorit me mizor qe shqiptaret kane njohur ne historine e tyre Enver Hoxhes, Hitlerit shqiptar te Pasluftes se Dyte Boterore si\u00e7 do ta shpallte, ne pranveren e vitit 1991 ne Samitin e tij te Parisit, Bashkimi Demokratik Europian, organizate qe gruponte te gjitha partite e qendres se djathte te Europes dhe Botes!<\/em><\/p>\n<p><em style=\"font-weight: inherit;\">20 shkurti 1991 eshte pra dita e ngadhenjimit, e \u00e7lirimit te qytetareve shqiptar nga kulti, adhurimi i perbindeshit te historise se tyre kombetare, Enver Hoxhes, diktatorit qe ne 47 vite te sundimit te tij barabar persekutoi, burgosi, internoi, apo eleminoi me uri kronike, semundje ne sitemin e tij hiperkolektivist, qindra e mijra shqiptare, dy here me shume ne proporcion se sa te gjithe diktatoret e tjere te vendeve i-shkomuniste te Europes te marre se bashku perve\u00e7 Bashkimit Sovjetik.<\/em><\/p>\n<p><em style=\"font-weight: inherit;\">Ate dite qytetaret heronj te Tiranes qe permbysen shtatoren e diktatorit, ne piedestalin e zbrazur te saj vendosen Flamurin tone te lire kombetar pa yll. Flamurin e Skenderbeut.<\/em><\/p>\n<p><em style=\"font-weight: inherit;\">Te dashur miq, me 20 shkurt te vitit 1991 shqiptaret \u00e7liruan vehten e tyre nga zinxhiret e pushtimit me te eger te mendjeve, shpirtrave dinjitetit dhe lirive te tyre. Ata me zvarritjen, prerjen e kokes se shtatores se diktatorit i bene gjyqin publik antikrishtit te historise se tyre qe i kishte shkeputur nga e gjithe bota dhe ju kishte ndaluar me kushtetute Krishtin, Muhamedin e madje edhe vet Zotin.<\/em><\/p>\n<p><em style=\"font-weight: inherit;\">Por 20 shkurti eshte dhe dita e shembjes se busteve te gjalla, bllokmeneve hoxhist, rregjimit te tyre mizor.<\/em><\/p>\n<p><em style=\"font-weight: inherit;\"> Te dashur miq, 20 shkurti 1991 si dita e ngadhenjimit te qytetareve me te shtypur, me te dhunuar me te izoluar e me te uritur te botes mbi diktaturen me \u00e7njerezore me te eger te koherave eshte gjithashtu dita e Kujteses tone kombetetare. Kjo eshte dita e nderimit te sakrifices, dhimbjeve, vuajtjeve te qindra e mijra burrave dhe grave, te rejave, te rinjve, femijeve dhe te moshuarve, martire qendrestar, viktima te kalvarit horror te rregjimit te kryexhelatit te shqiptareve Enver Hoxha.<\/em><\/p>\n<p><em style=\"font-weight: inherit;\">Prandaj sot le te perulemi me nderimin dhe mirenjohjen tone me te thelle para te gjithe atyre qe lane rinine, endrren, te ardhmen, jeten para skuadrave te pushkatimit apo ne kampet dhe burgjet e diktatures si viktima te luftes se klasave, kundershtar te regjimit apo qe vuajten nga uria dhe vdiqen nga semundjet e saj ne sistemin skllavopronar te diktatures hoxhiste!!<\/em><\/p>\n<p><em style=\"font-weight: inherit;\">Te dashur miq, ne nderojme dhe kujtojme 20 shkurtin e vitit 1991 ne kushtet kur bastardi i bllokmeneve xhelat te shqiptareve Edvin Kristaq Rama ka marre peng Shqiperine dhe demokracine e saj.<\/em><\/p>\n<p><em style=\"font-weight: inherit;\">Ai ka ngritur muze ne Tirane dhe Gjirokaster per diktatorin mizor Enver Hoxha, ka emertuar rruge me emrin e babait tij biologjik xhelat Kristaq Rama dhe mohuar krimet e tij.<\/em><\/p>\n<p><em style=\"font-weight: inherit;\">Ai ka vendosur ne krye te parlamentit te vendit Gramoz Ru\u00e7i ministrin e fundit te sigurimit te shtetit, persekutorin dhe xhelatin e martireve te lirise te shkurtit 1991.<\/em><\/p>\n<p><em style=\"font-weight: inherit;\">Edi Rama njelloj si eterit e tij mizor ka shkaterruar mekanizmin e votes per shqiptaret. Ai me lidhjet e tij te fuqishme me krimin, vjedhjet, drogen, korrupsionin ka mbyllur dyert e Bashkimit Europian per Shqiperine dhe duke zbatuar platformen e Vaso \u00c7ubrillovi\u00e7it po ben spastrimin etnik te Shqiperise.<\/em><\/p>\n<p><em style=\"font-weight: inherit;\">Ndaj dhe ky 30 vjetor eshte nje apel i fuqishem per mendjet dhe zemrat e shqiptareve qe nuk duan qe e shkuara tju behet e ardhmja e tyre e nxire, te votojne me 25 prill per \u00e7lirimin Shqiperise nga rregjimi i kakistokracise se Edvin Kristaq Rames dhe fitoren e Partise Demokratike dhe opozites shqiptare.<\/em>\u201c-shkruan ish-kryeministri, Sali Berisha.<\/p>\n","protected":false},"excerpt":{"rendered":"<p>Ish-kryeministri Sali Berisha, ka kujtuar dit\u00ebn e rr\u00ebzimit t\u00eb bustit t\u00eb Enver Hoxh\u00ebs, \u201cTriumfi i shqiptar\u00ebve mbi barbarin\u00eb\u201d. Si sot 30 vite m\u00eb par\u00eb, mij\u00ebra qytetar\u00eb u ngrit\u00ebn p\u00ebr t\u00eb shembur simbolin e komunizmit, pak muaj pasi regjimi i vjet\u00ebr q\u00eb po jetonte dit\u00ebt e tij t\u00eb fundit, kishte lejuar pluralizmin politik. Berisha, n\u00ebp\u00ebrmjet nj\u00eb [&hellip;]<\/p>\n","protected":false},"author":2016,"featured_media":164742,"comment_status":"closed","ping_status":"closed","sticky":false,"template":"","format":"standard","meta":{"footnotes":""},"categories":[241],"tags":[1392],"class_list":{"0":"post-164740","1":"post","2":"type-post","3":"status-publish","4":"format-standard","5":"has-post-thumbnail","7":"category-aktualitet","8":"tag-lajme-zjarr-berisha-kujton-diten-e-rrezimit-te-bustit-te-enver-hoxhes-zjarr-tv"},"_links":{"self":[{"href":"https:\/\/zjarr.tv\/sq\/wp-json\/wp\/v2\/posts\/164740","targetHints":{"allow":["GET"]}}],"collection":[{"href":"https:\/\/zjarr.tv\/sq\/wp-json\/wp\/v2\/posts"}],"about":[{"href":"https:\/\/zjarr.tv\/sq\/wp-json\/wp\/v2\/types\/post"}],"author":[{"embeddable":true,"href":"https:\/\/zjarr.tv\/sq\/wp-json\/wp\/v2\/users\/2016"}],"replies":[{"embeddable":true,"href":"https:\/\/zjarr.tv\/sq\/wp-json\/wp\/v2\/comments?post=164740"}],"version-history":[{"count":0,"href":"https:\/\/zjarr.tv\/sq\/wp-json\/wp\/v2\/posts\/164740\/revisions"}],"wp:featuredmedia":[{"embeddable":true,"href":"https:\/\/zjarr.tv\/sq\/wp-json\/wp\/v2\/media\/164742"}],"wp:attachment":[{"href":"https:\/\/zjarr.tv\/sq\/wp-json\/wp\/v2\/media?parent=164740"}],"wp:term":[{"taxonomy":"category","embeddable":true,"href":"https:\/\/zjarr.tv\/sq\/wp-json\/wp\/v2\/categories?post=164740"},{"taxonomy":"post_tag","embeddable":true,"href":"https:\/\/zjarr.tv\/sq\/wp-json\/wp\/v2\/tags?post=164740"}],"curies":[{"name":"wp","href":"https:\/\/api.w.org\/{rel}","templated":true}]}}