{"id":164745,"date":"2021-02-20T13:04:28","date_gmt":"2021-02-20T12:04:28","guid":{"rendered":"https:\/\/zjarr.tv\/?p=164745"},"modified":"2021-02-20T13:04:28","modified_gmt":"2021-02-20T12:04:28","slug":"lulzim-basha-do-hapim-vende-pune-me-paga-dinjitoze-shqiptaret-do-dalin-jashte-vendit-si-turiste-jo-per-tu-arratisur","status":"publish","type":"post","link":"https:\/\/zjarr.tv\/sq\/lulzim-basha-do-hapim-vende-pune-me-paga-dinjitoze-shqiptaret-do-dalin-jashte-vendit-si-turiste-jo-per-tu-arratisur\/","title":{"rendered":"Lulzim Basha: Do hapim vende pune me paga dinjitoze\/ Shqiptar\u00ebt do dalin jasht\u00eb vendit si turist\u00eb jo p\u00ebr t\u2019u arratisur"},"content":{"rendered":"<p style=\"margin-top: 0in; background: white;\"><span style=\"color: #212529;\">Kryedemokrati Lulzim Basha, pas takimit me komisioneren e BE p\u00ebr pun\u00ebt e brendshme, Ylva Johansson, deklaroi se ka marr\u00eb prej saj, garanci p\u00ebr bashk\u00ebpunim pas 25 Prillit. Duke folur p\u00ebr mediat jasht\u00eb selis\u00eb blu, Basha u shpreh se; ka bashk\u00ebpunuar me t\u00eb edhe n\u00eb koh\u00ebn kur ishte Minist\u00ebr i Jasht\u00ebm, p\u00ebr heqjen e vizave p\u00ebr shqiptar\u00ebt.<\/span><\/p>\n<p style=\"margin-top: 0in; background: white; box-sizing: border-box; margin-bottom: 1rem; font-variant-ligatures: normal; font-variant-caps: normal; orphans: 2; widows: 2; -webkit-text-stroke-width: 0px; text-decoration-thickness: initial; text-decoration-style: initial; text-decoration-color: initial; word-spacing: 0px;\"><span style=\"color: #212529;\">Ai theksoi se pas 25 Prillit, shqiptar\u00ebt do t\u00eb ken\u00eb paga dinjitoze dhe \u00e7eljen e negociatave, q\u00eb do t\u00eb vij\u00eb nga qeveria e drejtuar prej tij nuk do e shohin si mund\u00ebsi p\u00ebr arratisje, por si mund\u00ebsi p\u00ebr t\u00eb dal\u00eb jasht\u00eb vendit, p\u00ebr t\u00eb vizituar vende t\u00eb reja dhe t\u00eb af\u00ebrmit e tyre.<\/span><\/p>\n<p style=\"margin-top: 0in; background: white; box-sizing: border-box; margin-bottom: 1rem; font-variant-ligatures: normal; font-variant-caps: normal; orphans: 2; widows: 2; -webkit-text-stroke-width: 0px; text-decoration-thickness: initial; text-decoration-style: initial; text-decoration-color: initial; word-spacing: 0px;\"><em style=\"box-sizing: border-box;\"><span style=\"color: #212529;\">\u00a0\u201cPata k\u00ebnaq\u00ebsin\u00eb t\u00eb pres komisioneren p\u00ebr pun\u00ebt e brendshme t\u00eb BE n\u00eb nj\u00eb koh\u00eb sfidash p\u00ebr BE dhe Shqip\u00ebrin\u00eb. E njoha p\u00ebr luft\u00ebn kund\u00ebr krimit dhe korrupsionit dhe planin ton\u00eb anti-mafia. Me komisionineren p\u00ebr pun\u00ebt e brendshme t\u00eb BE kam\u00eb bashk\u00ebpunuar kur hoq\u00ebm vizat p\u00ebr qytetar\u00ebt shqiptar\u00eb dhe kujtuam q\u00eb bashk\u00ebpunimi e at\u00ebhersh\u00ebm p\u00ebr t\u00eb mirat q\u00eb g\u00ebzojn\u00eb sot shqiptar\u00ebt soll\u00ebn di\u00e7ka t\u00eb paimagjinueshme para 11 vitesh.<\/span><\/em><\/p>\n<p style=\"margin-top: 0in; background: white; box-sizing: border-box; margin-bottom: 1rem; font-variant-ligatures: normal; font-variant-caps: normal; orphans: 2; widows: 2; -webkit-text-stroke-width: 0px; text-decoration-thickness: initial; text-decoration-style: initial; text-decoration-color: initial; word-spacing: 0px;\"><em style=\"box-sizing: border-box;\"><span style=\"color: #212529;\">\u00a0\u00cbsht\u00eb detyra e qeveris\u00eb pas 25 prillit dhe vullneti im drejt p\u00ebrmbushjes s\u00eb kushteve p\u00ebr hapjen e negociatave. Angazhimi p\u00ebr t\u2019i p\u00ebrmbushur k\u00ebto kushte do sjell\u00eb p\u00ebrmir\u00ebsim real n\u00eb jet\u00ebn e shqiptar\u00ebve. N\u00eb kuptimin e klim\u00ebs s\u00eb biznesit q\u00eb do t\u00eb p\u00ebrmir\u00ebsohen. P\u00ebr t\u00eb hapur vende pune me paga t\u00eb larta p\u00ebr t\u00eb ndalur emigracionin masiv q\u00eb rinia t\u00eb g\u00ebzoj\u00eb edhe mund\u00ebsin\u00eb p\u00ebr t\u00eb dal\u00eb jasht\u00eb dhe paga dinjitoze n\u00eb vendin e vet.<\/span><\/em><\/p>\n<p style=\"margin-top: 0in; background: white; box-sizing: border-box; margin-bottom: 1rem; font-variant-ligatures: normal; font-variant-caps: normal; orphans: 2; widows: 2; -webkit-text-stroke-width: 0px; text-decoration-thickness: initial; text-decoration-style: initial; text-decoration-color: initial; word-spacing: 0px;\"><em style=\"box-sizing: border-box;\"><span style=\"color: #212529;\">Q\u00eb t\u00eb dalin jasht\u00eb p\u00ebr vizita dhe jo p\u00ebr t\u2019u arratisur nga vendi. Mora garancin\u00eb e komisioneres p\u00ebr t\u00eb ndihmuar Shqip\u00ebrin\u00eb. M\u00eb 25 Prill shqiptar\u00ebt do t\u00eb ken\u00eb nj\u00eb vullnet t\u00eb ri politik. Para 10 vitesh hoq\u00ebm vizat dhe fut\u00ebm vendin n\u00eb NATO dhe do b\u00ebjm\u00eb t\u00eb mundur q\u00eb shqiptar\u00ebt t\u00eb g\u00ebzojn\u00eb futjen n\u00eb BE si vendet e tjera t\u00eb rajonit\u201d,<\/span><\/em><span style=\"color: #212529;\">\u00a0u shpreh Basha.<\/span><\/p>\n","protected":false},"excerpt":{"rendered":"<p>Kryedemokrati Lulzim Basha, pas takimit me komisioneren e BE p\u00ebr pun\u00ebt e brendshme, Ylva Johansson, deklaroi se ka marr\u00eb prej saj, garanci p\u00ebr bashk\u00ebpunim pas 25 Prillit. Duke folur p\u00ebr mediat jasht\u00eb selis\u00eb blu, Basha u shpreh se; ka bashk\u00ebpunuar me t\u00eb edhe n\u00eb koh\u00ebn kur ishte Minist\u00ebr i Jasht\u00ebm, p\u00ebr heqjen e vizave p\u00ebr [&hellip;]<\/p>\n","protected":false},"author":2016,"featured_media":164747,"comment_status":"closed","ping_status":"closed","sticky":false,"template":"","format":"standard","meta":{"footnotes":""},"categories":[241],"tags":[1393],"class_list":{"0":"post-164745","1":"post","2":"type-post","3":"status-publish","4":"format-standard","5":"has-post-thumbnail","7":"category-aktualitet","8":"tag-lajme-zjarr-basha-do-hapim-vende-pune-me-paga-dinjitoze-zjarr-tv"},"_links":{"self":[{"href":"https:\/\/zjarr.tv\/sq\/wp-json\/wp\/v2\/posts\/164745","targetHints":{"allow":["GET"]}}],"collection":[{"href":"https:\/\/zjarr.tv\/sq\/wp-json\/wp\/v2\/posts"}],"about":[{"href":"https:\/\/zjarr.tv\/sq\/wp-json\/wp\/v2\/types\/post"}],"author":[{"embeddable":true,"href":"https:\/\/zjarr.tv\/sq\/wp-json\/wp\/v2\/users\/2016"}],"replies":[{"embeddable":true,"href":"https:\/\/zjarr.tv\/sq\/wp-json\/wp\/v2\/comments?post=164745"}],"version-history":[{"count":0,"href":"https:\/\/zjarr.tv\/sq\/wp-json\/wp\/v2\/posts\/164745\/revisions"}],"wp:featuredmedia":[{"embeddable":true,"href":"https:\/\/zjarr.tv\/sq\/wp-json\/wp\/v2\/media\/164747"}],"wp:attachment":[{"href":"https:\/\/zjarr.tv\/sq\/wp-json\/wp\/v2\/media?parent=164745"}],"wp:term":[{"taxonomy":"category","embeddable":true,"href":"https:\/\/zjarr.tv\/sq\/wp-json\/wp\/v2\/categories?post=164745"},{"taxonomy":"post_tag","embeddable":true,"href":"https:\/\/zjarr.tv\/sq\/wp-json\/wp\/v2\/tags?post=164745"}],"curies":[{"name":"wp","href":"https:\/\/api.w.org\/{rel}","templated":true}]}}