{"id":164752,"date":"2021-02-20T13:34:50","date_gmt":"2021-02-20T12:34:50","guid":{"rendered":"https:\/\/zjarr.tv\/?p=164752"},"modified":"2021-02-20T13:34:50","modified_gmt":"2021-02-20T12:34:50","slug":"komisionerja-e-be-ylva-johansson-partite-te-marrin-pergjegjesite-per-listat-e-kandidateve","status":"publish","type":"post","link":"https:\/\/zjarr.tv\/sq\/komisionerja-e-be-ylva-johansson-partite-te-marrin-pergjegjesite-per-listat-e-kandidateve\/","title":{"rendered":"Komisionerja e BE Ylva Johansson: Partit\u00eb t\u00eb marrin p\u00ebrgjegj\u00ebsit\u00eb p\u00ebr listat e kandidat\u00ebve\u2026"},"content":{"rendered":"<p style=\"line-height: 17.65pt; vertical-align: baseline;\"><span style=\"color: #464343;\">Komisionerja e BE p\u00ebr pun\u00ebt e brendshme, Ylva Johansson ka qen\u00eb sot n\u00eb Tiran\u00eb, ku ka patur nj\u00eb bised\u00eb me Kryeministrin e vendit Rama, Presidentin Meta dhe Kryeatrin e PD-s\u00eb, Basha.<\/span><\/p>\n<p style=\"line-height: 17.65pt; vertical-align: baseline;\"><span style=\"color: #464343;\">N\u00eb nj\u00eb dalje p\u00ebr mediat pas bised\u00ebs me Kryeministrin, Komisinerja ka vler\u00ebsuar ecurin\u00eb q\u00eb \u00ebsht\u00eb b\u00ebr\u00eb gjat\u00eb vitit t\u00eb fundit, n\u00eb drejtim t\u00eb \u00e7\u00ebshtjeve t\u00eb brendshme.<\/span><\/p>\n<p style=\"line-height: 17.65pt; vertical-align: baseline;\"><span style=\"color: #464343;\">\u201c<i>Kur\u00a0 ne shohim gam\u00ebn e \u00e7\u00ebshtjeve t\u00eb brendshme shohim k\u00ebt\u00eb progress t\u00eb r\u00ebnd\u00ebish\u00ebm dhe duhet t\u00eb punojm\u00eb q\u00eb t\u2019I japim fund terrorizmit dhe t\u00eb menaxhojm\u00eb emigracionin s\u00eb bashku<\/i>\u201d, u shpreh Johansson duke shtuar se \u00ebsht\u00eb ende e nevojshme, p\u00ebr p\u00ebrmir\u00ebsim \u00a0n\u00eb situat\u00ebn me azilk\u00ebrkuesit shqiptar\u00eb n\u00eb BE.<\/span><\/p>\n<p style=\"line-height: 17.65pt; vertical-align: baseline;\"><span style=\"color: #464343;\">\u201c<i>Sigurisht q\u00eb ka shum\u00eb fusha ku ne duhet t\u00eb vazhdojm\u00eb p\u00ebrmrir\u00ebsimin. M\u00eb lejoni q\u00eb t\u00eb p\u00ebrmend disa nga fushat q\u00eb ne p\u00ebrmend\u00ebm sot. \u00a0Problemi me k\u00ebrkesat e pabazuara p\u00ebr azil n\u00eb disa nga shtetet an\u00ebtare t\u00eb BE. \u00cbsht\u00eb e r\u00ebd\u00ebsishme t\u00eb vazhdohen reformat p\u00ebr sundimin e ligjit, shtetin e s\u00eb drejt\u00ebs, p\u00ebr arsye sigurie<\/i>\u201d, u shpreh komisionerja.<\/span><\/p>\n<p style=\"line-height: 17.65pt; vertical-align: baseline;\"><span style=\"color: #464343;\">Duke folur p\u00ebr zgjedhjet e 25 Prillit, Johansson, e vuri theksin tek r\u00ebnd\u00ebsia e p\u00ebrzgjedhjes s\u00eb kandidat\u00ebve me integritet p\u00ebr listat, duke k\u00ebrkuar q\u00eb t\u00eb gjitha partit\u00eb t\u00eb marrin p\u00ebrgjegj\u00ebsi n\u00eb k\u00ebt\u00eb aspekt.<\/span><\/p>\n<p style=\"line-height: 17.65pt; vertical-align: baseline;\"><span style=\"color: #464343;\">\u201c<i>Kjo \u00ebsht\u00eb situata ku Shqip\u00ebria po i afrohet zjedhjeve dhe t\u00eb gjitha partit\u00eb duhet t\u00eb marrin p\u00ebrgjegj\u00ebsit\u00eb e tyre p\u00ebr nj\u00eb integritet t\u00eb lart\u00eb t\u00eb kandidat\u00ebve n\u00eb lista, q\u00eb ne t\u00eb vazhdojm\u00eb t\u00eb kemi k\u00ebt\u00eb besim n\u00eb vijim\u00ebsi p\u00ebr\u00a0 \u00e7\u00ebshtje t\u00eb siguris\u00eb dhe ligjit<\/i>\u201d, u shpreh Komisionerja.<\/span><\/p>\n","protected":false},"excerpt":{"rendered":"<p>Komisionerja e BE p\u00ebr pun\u00ebt e brendshme, Ylva Johansson ka qen\u00eb sot n\u00eb Tiran\u00eb, ku ka patur nj\u00eb bised\u00eb me Kryeministrin e vendit Rama, Presidentin Meta dhe Kryeatrin e PD-s\u00eb, Basha. N\u00eb nj\u00eb dalje p\u00ebr mediat pas bised\u00ebs me Kryeministrin, Komisinerja ka vler\u00ebsuar ecurin\u00eb q\u00eb \u00ebsht\u00eb b\u00ebr\u00eb gjat\u00eb vitit t\u00eb fundit, n\u00eb drejtim t\u00eb \u00e7\u00ebshtjeve [&hellip;]<\/p>\n","protected":false},"author":2016,"featured_media":164754,"comment_status":"closed","ping_status":"closed","sticky":false,"template":"","format":"standard","meta":{"footnotes":""},"categories":[241],"tags":[1395],"class_list":{"0":"post-164752","1":"post","2":"type-post","3":"status-publish","4":"format-standard","5":"has-post-thumbnail","7":"category-aktualitet","8":"tag-lajme-zjarr-johansson-partite-te-marrin-pergjegjesite-zjarr-tv"},"_links":{"self":[{"href":"https:\/\/zjarr.tv\/sq\/wp-json\/wp\/v2\/posts\/164752","targetHints":{"allow":["GET"]}}],"collection":[{"href":"https:\/\/zjarr.tv\/sq\/wp-json\/wp\/v2\/posts"}],"about":[{"href":"https:\/\/zjarr.tv\/sq\/wp-json\/wp\/v2\/types\/post"}],"author":[{"embeddable":true,"href":"https:\/\/zjarr.tv\/sq\/wp-json\/wp\/v2\/users\/2016"}],"replies":[{"embeddable":true,"href":"https:\/\/zjarr.tv\/sq\/wp-json\/wp\/v2\/comments?post=164752"}],"version-history":[{"count":0,"href":"https:\/\/zjarr.tv\/sq\/wp-json\/wp\/v2\/posts\/164752\/revisions"}],"wp:featuredmedia":[{"embeddable":true,"href":"https:\/\/zjarr.tv\/sq\/wp-json\/wp\/v2\/media\/164754"}],"wp:attachment":[{"href":"https:\/\/zjarr.tv\/sq\/wp-json\/wp\/v2\/media?parent=164752"}],"wp:term":[{"taxonomy":"category","embeddable":true,"href":"https:\/\/zjarr.tv\/sq\/wp-json\/wp\/v2\/categories?post=164752"},{"taxonomy":"post_tag","embeddable":true,"href":"https:\/\/zjarr.tv\/sq\/wp-json\/wp\/v2\/tags?post=164752"}],"curies":[{"name":"wp","href":"https:\/\/api.w.org\/{rel}","templated":true}]}}