{"id":168744,"date":"2021-03-15T10:43:30","date_gmt":"2021-03-15T09:43:30","guid":{"rendered":"https:\/\/zjarr.tv\/?p=168744"},"modified":"2021-03-15T10:43:30","modified_gmt":"2021-03-15T09:43:30","slug":"monika-kryemadhi-reagon-per-perplasjet-ne-elbasan-qytetaret-perzune-ramen-ne-25-prill-do-te-largojne-rilindjen","status":"publish","type":"post","link":"https:\/\/zjarr.tv\/sq\/monika-kryemadhi-reagon-per-perplasjet-ne-elbasan-qytetaret-perzune-ramen-ne-25-prill-do-te-largojne-rilindjen\/","title":{"rendered":"Monika Kryemadhi reagon p\u00ebr p\u00ebrplasjet n\u00eb Elbasan: Qytetar\u00ebt p\u00ebrzun\u00eb Ram\u00ebn, n\u00eb 25 prill do t\u00eb largojn\u00eb Rilindjen\u2026"},"content":{"rendered":"<p>Kryetarja e L\u00ebvizjes Socialiste p\u00ebr Integrim, Monika Kryemadhi, ka reaguar sa i takon incidentit t\u00eb dit\u00ebs s\u00eb djeshme q\u00eb ndodhi n\u00eb qytetin e Elbasanit, ku mb\u00ebshtet\u00ebs t\u00eb Partis\u00eb Demokratike, u p\u00ebrplas\u00ebn me mb\u00ebshtet\u00ebs t\u00eb Partis\u00eb Socialiste n\u00eb k\u00ebt\u00eb qytet.<\/p>\n<p>Kryemadhi ndodhej n\u00eb qytetin e P\u00ebrmetit, p\u00ebr t\u00eb prezantuar kandidatin p\u00ebr deputet t\u00eb LSI-s\u00eb, Elton Ismaili, Kryemadhi ishte prer\u00eb dhe e qart\u00eb n\u00eb at\u00eb q\u00eb thoshte, kryetarja e L\u00ebvizjes Socialiste p\u00ebr Integrim, mb\u00ebshteti hapur k\u00ebto episode, nd\u00ebrkoh\u00eb q\u00eb theksoi se rezultati i 25 prilli, \u00ebsht\u00eb ajo \u00e7far\u00eb ndodhi dje n\u00eb Elbasan, aty ku njer\u00ebzit sipas saj, e p\u00ebrzun\u00eb Kryeministrin Edi Rama dhe i than\u00eb ik largohu.<\/p>\n<p><em style=\"font-weight: inherit;\">\u201cNj\u00eb nga problemet tona kryesore \u00ebsht\u00eb ajo \u00e7far\u00eb do t\u00eb ndodh\u00eb mbas 25 prillit sepse ne e kemi m\u00ebse t\u00eb qart\u00eb se cili do t\u00eb jet\u00eb rezultati i 25 prillit. Rezultati i 25 prillit \u00ebsht\u00eb ajo \u00e7far\u00eb ndodhi n\u00eb Elbasan m\u00eb p\u00ebrpara, aty ku njer\u00ebzit e p\u00ebrzun\u00eb dhe i than\u00eb ik largohu sepse nuk duam t\u00eb t\u00eb shikojm\u00eb\u201d<\/em>, \u2013 deklaroi Kryemadhi.<\/p>\n<p>Gjat\u00eb fjal\u00ebs s\u00eb saj, kryetarja e LSI-s\u00eb, shtoi s\u2019e Elbasani, \u00ebsht\u00eb vet\u00ebm 17 minuta larg Tiran\u00ebs dhe ka papun\u00ebsin\u00eb m\u00eb t\u00eb madhe dhe \u00ebsht\u00eb zhytur n\u00eb skamje.<\/p>\n<p><em style=\"font-weight: inherit;\"> \u201cKu Elbasani \u00ebsht\u00eb vet\u00ebm 17 minuta larg Tiran\u00ebs, ka papun\u00ebsin\u00eb m\u00eb t\u00eb madhe, ka munges\u00ebn e ekonomis\u00eb, ka biznese t\u00eb falimentuara ka varf\u00ebrin\u00eb m\u00eb t\u00eb madhe\u201d<\/em>, \u2013 u shpreh ajo.<\/p>\n<p>Po ashtu, zonja Kryemadhi e konsideroi Kryeministrin Edi Rama si nj\u00eb fenomen, i cili sipas saj, ka varf\u00ebruar shqiptar\u00ebt dhe i largoi t\u00eb rinjt\u00eb nga vendi. Ajo shtoi se m\u00eb 25 prill do t\u00eb sjell\u00eb ndryshim.<\/p>\n<p><em style=\"font-weight: inherit;\">\u201cNd\u00ebrkoh\u00eb q\u00eb sot njer\u00ebzit nuk kan\u00eb m\u00eb d\u00ebshir\u00eb ta shikojn\u00eb jo si individ por si fenomen. Sepse \u00ebsht\u00eb fenomeni q\u00eb i varf\u00ebroi shqiptar\u00ebt, i largoi shqiptar\u00ebt nga Shqip\u00ebria, i largoi t\u00eb rinjt\u00eb dhe t\u00eb rejat nga Shqip\u00ebria. Prandaj dhe angazhimi yn\u00eb nuk ka t\u00eb b\u00ebj\u00eb vet\u00ebm me 25 prillin. 25 prilli ka t\u00eb b\u00ebj\u00eb me ndryshimin p\u00ebr t\u00eb nd\u00ebshkuar \u00e7do njeri q\u00eb nuk mban fjal\u00ebn, \u00e7do politikan q\u00eb nuk u p\u00ebrgjigjet. Socialist\u00ebt e P\u00ebrmetit shikojn\u00eb m\u00eb shum\u00eb socialist Vangjel Tavon sesa Bledi \u00c7u\u00e7in\u201d<\/em>, \u2013 \u00ebsht\u00eb shprehur ajo.<\/p>\n<p>Kryemadhi, \u00ebsht\u00eb shprehur e bindur n\u00eb fitoren e opozit\u00ebs n\u00eb qarkun e Gjirokastr\u00ebs, n\u00eb 25 prill. Kryemadhi garantoi se angazhimet e opozit\u00ebs, do t\u00eb \u00e7ohen deri n\u00eb fund n\u00ebse qytetar\u00ebt e besojn\u00eb me vot\u00eb.<\/p>\n","protected":false},"excerpt":{"rendered":"<p>Kryetarja e L\u00ebvizjes Socialiste p\u00ebr Integrim, Monika Kryemadhi, ka reaguar sa i takon incidentit t\u00eb dit\u00ebs s\u00eb djeshme q\u00eb ndodhi n\u00eb qytetin e Elbasanit, ku mb\u00ebshtet\u00ebs t\u00eb Partis\u00eb Demokratike, u p\u00ebrplas\u00ebn me mb\u00ebshtet\u00ebs t\u00eb Partis\u00eb Socialiste n\u00eb k\u00ebt\u00eb qytet. Kryemadhi ndodhej n\u00eb qytetin e P\u00ebrmetit, p\u00ebr t\u00eb prezantuar kandidatin p\u00ebr deputet t\u00eb LSI-s\u00eb, Elton Ismaili, [&hellip;]<\/p>\n","protected":false},"author":2016,"featured_media":168746,"comment_status":"closed","ping_status":"closed","sticky":false,"template":"","format":"standard","meta":{"footnotes":""},"categories":[241],"tags":[1780],"class_list":{"0":"post-168744","1":"post","2":"type-post","3":"status-publish","4":"format-standard","5":"has-post-thumbnail","7":"category-aktualitet","8":"tag-lajme-zjarr-kryemadhi-reagon-per-perplasjet-ne-elbasan-zjarr-tv"},"_links":{"self":[{"href":"https:\/\/zjarr.tv\/sq\/wp-json\/wp\/v2\/posts\/168744","targetHints":{"allow":["GET"]}}],"collection":[{"href":"https:\/\/zjarr.tv\/sq\/wp-json\/wp\/v2\/posts"}],"about":[{"href":"https:\/\/zjarr.tv\/sq\/wp-json\/wp\/v2\/types\/post"}],"author":[{"embeddable":true,"href":"https:\/\/zjarr.tv\/sq\/wp-json\/wp\/v2\/users\/2016"}],"replies":[{"embeddable":true,"href":"https:\/\/zjarr.tv\/sq\/wp-json\/wp\/v2\/comments?post=168744"}],"version-history":[{"count":0,"href":"https:\/\/zjarr.tv\/sq\/wp-json\/wp\/v2\/posts\/168744\/revisions"}],"wp:featuredmedia":[{"embeddable":true,"href":"https:\/\/zjarr.tv\/sq\/wp-json\/wp\/v2\/media\/168746"}],"wp:attachment":[{"href":"https:\/\/zjarr.tv\/sq\/wp-json\/wp\/v2\/media?parent=168744"}],"wp:term":[{"taxonomy":"category","embeddable":true,"href":"https:\/\/zjarr.tv\/sq\/wp-json\/wp\/v2\/categories?post=168744"},{"taxonomy":"post_tag","embeddable":true,"href":"https:\/\/zjarr.tv\/sq\/wp-json\/wp\/v2\/tags?post=168744"}],"curies":[{"name":"wp","href":"https:\/\/api.w.org\/{rel}","templated":true}]}}