{"id":173923,"date":"2021-04-01T15:37:46","date_gmt":"2021-04-01T13:37:46","guid":{"rendered":"https:\/\/zjarr.tv\/?p=173923"},"modified":"2021-04-01T15:37:46","modified_gmt":"2021-04-01T13:37:46","slug":"votat-nuk-i-blen-ps-dhe-pd-spiropaliaskush-nuk-do-te-guxoje-te-blej-voten-me-25-prill-se-i-pret-burgu","status":"publish","type":"post","link":"https:\/\/zjarr.tv\/sq\/votat-nuk-i-blen-ps-dhe-pd-spiropaliaskush-nuk-do-te-guxoje-te-blej-voten-me-25-prill-se-i-pret-burgu\/","title":{"rendered":"\u201cVotat nuk i blen PS dhe PD\u201d\/Spiropali:Askush nuk do t\u00eb guxoj\u00eb t\u00eb blej vot\u00ebn me 25 prill se i pret burgu"},"content":{"rendered":"<p>Ministrja e Shtetit p\u00ebr Marr\u00ebdh\u00ebnien me Parlamentin, Elisa Spiropali n\u00eb nj\u00eb intervist\u00eb ka folur p\u00ebr zgjedhjet e 25 prillit.<\/p>\n<p>Spiropali tha se Partia Sociliste nuk ka bler\u00eb vota, madje ajo p\u00ebrmendi se as PD nuk shquhet p\u00ebr vjedhje t\u00eb votave, teksa ka quajtur kampione p\u00ebr blerje LSI.<\/p>\n<p>Nd\u00ebr t\u00eb tjera ajo tha se askush nuk do t\u00eb guxoj\u00eb t\u00eb blej vot\u00ebn me 25 prill se i pret burgu.<\/p>\n<p>\u201cKa forca politike q\u00eb shkojn\u00eb t\u00eb blejn\u00eb vot\u00ebn, dihet kush jan\u00eb. PS nuk ka bler\u00eb ndonj\u00ebher\u00eb vot\u00ebn e qytetar\u00ebve. Ne e bazojn\u00eb fushat\u00ebn elektorale tek idet\u00eb ton\u00eb, puna etj. Nuk e bazojm\u00eb tek blerja e votave, edhe PD nuk \u00ebsht\u00eb shquar ndonj\u00ebher\u00eb, por ka t\u00eb tjer\u00eb. LSI \u00ebsht\u00eb kampionia t\u00eb gjith\u00eb e ka bazuar tek blerja e varf\u00ebris\u00eb, tek eksponent\u00ebt q\u00eb mund t\u2019i afrohen me rryshfetet,\u201d tha Spiropali nd\u00ebr t\u00eb tjera.<\/p>\n<p>Ne do ta mbrojm\u00eb vot\u00ebn p\u00ebrmes ligjeve t\u00eb forta. Nuk besoj se ka njeri aq t\u00eb marr\u00eb, q\u00eb t\u00eb shkoj\u00eb n\u00eb burg. Nuk guxon njeri, kur nuk e mbron askush, t\u00eb shkoj\u00eb n\u00eb burg\u201d, tha Spiropali<\/p>\n","protected":false},"excerpt":{"rendered":"<p>Ministrja e Shtetit p\u00ebr Marr\u00ebdh\u00ebnien me Parlamentin, Elisa Spiropali n\u00eb nj\u00eb intervist\u00eb ka folur p\u00ebr zgjedhjet e 25 prillit. Spiropali tha se Partia Sociliste nuk ka bler\u00eb vota, madje ajo p\u00ebrmendi se as PD nuk shquhet p\u00ebr vjedhje t\u00eb votave, teksa ka quajtur kampione p\u00ebr blerje LSI. Nd\u00ebr t\u00eb tjera ajo tha se askush nuk [&hellip;]<\/p>\n","protected":false},"author":2031,"featured_media":173924,"comment_status":"closed","ping_status":"closed","sticky":false,"template":"","format":"standard","meta":{"footnotes":""},"categories":[241,231,235],"tags":[],"class_list":{"0":"post-173923","1":"post","2":"type-post","3":"status-publish","4":"format-standard","5":"has-post-thumbnail","7":"category-aktualitet","8":"category-lajme","9":"category-vendi"},"_links":{"self":[{"href":"https:\/\/zjarr.tv\/sq\/wp-json\/wp\/v2\/posts\/173923","targetHints":{"allow":["GET"]}}],"collection":[{"href":"https:\/\/zjarr.tv\/sq\/wp-json\/wp\/v2\/posts"}],"about":[{"href":"https:\/\/zjarr.tv\/sq\/wp-json\/wp\/v2\/types\/post"}],"author":[{"embeddable":true,"href":"https:\/\/zjarr.tv\/sq\/wp-json\/wp\/v2\/users\/2031"}],"replies":[{"embeddable":true,"href":"https:\/\/zjarr.tv\/sq\/wp-json\/wp\/v2\/comments?post=173923"}],"version-history":[{"count":0,"href":"https:\/\/zjarr.tv\/sq\/wp-json\/wp\/v2\/posts\/173923\/revisions"}],"wp:featuredmedia":[{"embeddable":true,"href":"https:\/\/zjarr.tv\/sq\/wp-json\/wp\/v2\/media\/173924"}],"wp:attachment":[{"href":"https:\/\/zjarr.tv\/sq\/wp-json\/wp\/v2\/media?parent=173923"}],"wp:term":[{"taxonomy":"category","embeddable":true,"href":"https:\/\/zjarr.tv\/sq\/wp-json\/wp\/v2\/categories?post=173923"},{"taxonomy":"post_tag","embeddable":true,"href":"https:\/\/zjarr.tv\/sq\/wp-json\/wp\/v2\/tags?post=173923"}],"curies":[{"name":"wp","href":"https:\/\/api.w.org\/{rel}","templated":true}]}}