{"id":173927,"date":"2021-04-01T16:00:47","date_gmt":"2021-04-01T14:00:47","guid":{"rendered":"https:\/\/zjarr.tv\/?p=173927"},"modified":"2021-04-01T16:00:47","modified_gmt":"2021-04-01T14:00:47","slug":"dashamir-shehi-takim-me-qytetaret-ne-kavaje-ky-qyteti-se-ka-luksin-te-jete-azil-pleqsh-me-25-prill-i-bashkohet-marshit-te-fitores","status":"publish","type":"post","link":"https:\/\/zjarr.tv\/sq\/dashamir-shehi-takim-me-qytetaret-ne-kavaje-ky-qyteti-se-ka-luksin-te-jete-azil-pleqsh-me-25-prill-i-bashkohet-marshit-te-fitores\/","title":{"rendered":"Dashamir Shehi takim me qytetar\u00ebt n\u00eb Kavaj\u00eb: Ky qyteti s&#8217;e ka luksin t\u00eb jet\u00eb azil pleqsh, m\u00eb 25 prill i bashkohet marshit t\u00eb fitores"},"content":{"rendered":"<p>Kreu i LZHK-s\u00eb, Dashamir Shehi, i 13-ti n\u00eb list\u00ebn e PD-AN n\u00eb qarkun e Tiran\u00ebs,\u00a0ishte sot i pranish\u00ebm n\u00eb Kavaj\u00eb, n\u00eb nj\u00eb takim elektoral. Me nj\u00eb sh\u00ebnim n\u00eb Facebook, Shehi shkruan se kryefjala e takimit ishte ekonomia dhe largimi i t\u00eb rinjve q\u00eb ka prekur edhe Kavaj\u00ebn.<\/p>\n<p><em>&#8220;Sot pata disa takime entuziaste n\u00eb Kavaj\u00eb me qytetar\u00eb q\u00eb nuk kan\u00eb nevoj\u00eb p\u00ebr leksione demokracie, pasi jan\u00eb injektor\u00ebt e\u00a0 demokracis\u00eb n\u00eb vend. Kujtuam me nostalgji protest\u00ebn e par\u00eb antikomuniste n\u00eb 26 marsin e vitit t\u00eb larg\u00ebt 1990, ku n\u00eb stadiumin \u201cBesa\u201d t\u00eb Kavaj\u00ebs,\u00a0 gjat\u00eb ndeshjes me Partizanin djemt\u00eb dhe burrat e k\u00ebtij qyteti ishin t\u00eb par\u00ebt q\u00eb b\u00ebn\u00eb thirrje p\u00ebr demokraci. Ata u p\u00ebrball\u00ebn me nd\u00ebshkimin e eg\u00ebr t\u00eb diktatur\u00ebs, e cila e p\u00ebrgjaku k\u00ebt\u00eb revolt\u00eb, por asgj\u00eb nuk e p\u00ebrkul shpirtin e lir\u00eb e fisnik t\u00eb qytetar\u00ebve\u00a0 t\u00eb Kavaj\u00ebs. Ekonomia ishte kryefjal\u00eb e takimit ton\u00eb, nd\u00ebrsa hemorragjia e largimit t\u00eb trurit dhe rinis\u00eb ka prekur edhe Kavaj\u00ebn&#8221;, <\/em>shkruan Shehi.<\/p>\n<p>Ai thot\u00eb me bindje se me 25 prill, Kavaja do t\u2019i bashkohet &#8220;marshit t\u00eb fitores&#8221;, pasi nuk e ka luksin t\u00eb jet\u00eb nj\u00eb &#8220;azil pleqsh&#8221;.<\/p>\n<p><em>&#8220;Me 25 prill Kavaja do t\u2019i bashkohet marshit t\u00eb fitores, pasi Kavaja nuk e ka luksin t\u00eb jet\u00eb nj\u00eb azil pleqsh, por do jet\u00eb kryeqendra e investimeve n\u00eb turiz\u00ebm.\u00a0\u00a0 Kam detyrimin\u00a0 si politikan por edhe si nip i k\u00ebsaj treve q\u00eb t\u00eb ngre n\u00eb parlament z\u00ebrin p\u00ebr shqet\u00ebsimet e tyre madhore&#8221;, <\/em>p\u00ebrfundon Shehi.<\/p>\n<p>&nbsp;<\/p>\n","protected":false},"excerpt":{"rendered":"<p>Kreu i LZHK-s\u00eb, Dashamir Shehi, i 13-ti n\u00eb list\u00ebn e PD-AN n\u00eb qarkun e Tiran\u00ebs,\u00a0ishte sot i pranish\u00ebm n\u00eb Kavaj\u00eb, n\u00eb nj\u00eb takim elektoral. Me nj\u00eb sh\u00ebnim n\u00eb Facebook, Shehi shkruan se kryefjala e takimit ishte ekonomia dhe largimi i t\u00eb rinjve q\u00eb ka prekur edhe Kavaj\u00ebn. &#8220;Sot pata disa takime entuziaste n\u00eb Kavaj\u00eb me [&hellip;]<\/p>\n","protected":false},"author":2030,"featured_media":173928,"comment_status":"closed","ping_status":"closed","sticky":false,"template":"","format":"standard","meta":{"footnotes":""},"categories":[241,1454],"tags":[],"class_list":{"0":"post-173927","1":"post","2":"type-post","3":"status-publish","4":"format-standard","5":"has-post-thumbnail","7":"category-aktualitet","8":"category-politike"},"_links":{"self":[{"href":"https:\/\/zjarr.tv\/sq\/wp-json\/wp\/v2\/posts\/173927","targetHints":{"allow":["GET"]}}],"collection":[{"href":"https:\/\/zjarr.tv\/sq\/wp-json\/wp\/v2\/posts"}],"about":[{"href":"https:\/\/zjarr.tv\/sq\/wp-json\/wp\/v2\/types\/post"}],"author":[{"embeddable":true,"href":"https:\/\/zjarr.tv\/sq\/wp-json\/wp\/v2\/users\/2030"}],"replies":[{"embeddable":true,"href":"https:\/\/zjarr.tv\/sq\/wp-json\/wp\/v2\/comments?post=173927"}],"version-history":[{"count":0,"href":"https:\/\/zjarr.tv\/sq\/wp-json\/wp\/v2\/posts\/173927\/revisions"}],"wp:featuredmedia":[{"embeddable":true,"href":"https:\/\/zjarr.tv\/sq\/wp-json\/wp\/v2\/media\/173928"}],"wp:attachment":[{"href":"https:\/\/zjarr.tv\/sq\/wp-json\/wp\/v2\/media?parent=173927"}],"wp:term":[{"taxonomy":"category","embeddable":true,"href":"https:\/\/zjarr.tv\/sq\/wp-json\/wp\/v2\/categories?post=173927"},{"taxonomy":"post_tag","embeddable":true,"href":"https:\/\/zjarr.tv\/sq\/wp-json\/wp\/v2\/tags?post=173927"}],"curies":[{"name":"wp","href":"https:\/\/api.w.org\/{rel}","templated":true}]}}