{"id":173931,"date":"2021-04-01T16:09:28","date_gmt":"2021-04-01T14:09:28","guid":{"rendered":"https:\/\/zjarr.tv\/?p=173931"},"modified":"2021-04-01T16:09:28","modified_gmt":"2021-04-01T14:09:28","slug":"presidenti-meta-dekreton-emertimin-e-ri-per-bashkine-ura-vajgurore-tashme-qyteti-zyrtarisht-merr-emrin-dimal","status":"publish","type":"post","link":"https:\/\/zjarr.tv\/sq\/presidenti-meta-dekreton-emertimin-e-ri-per-bashkine-ura-vajgurore-tashme-qyteti-zyrtarisht-merr-emrin-dimal\/","title":{"rendered":"Presidenti Meta dekreton em\u00ebrtimin e ri p\u00ebr Bashkin\u00eb Ura Vajgurore, tashm\u00eb qyteti zyrtarisht merr emrin Dimal"},"content":{"rendered":"<p>Presidenti i vendit Ilir Meta ka dekretuar dit\u00ebn e sotme ndryshimin e em\u00ebrtimit t\u00eb t\u00eb nj\u00ebsis\u00eb s\u00eb qeverisjes vendore nga \u201cBashkia Ura Vajgurore\u201d n\u00eb \u201cBashkia Dimal\u201d. N\u00eb njoftimin e Presidenc\u00ebs b\u00ebhet me dije se ky ndryshim rikthen nj\u00eb em\u00ebrtim t\u00eb lasht\u00eb t\u00eb zon\u00ebs dhe vjen n\u00eb p\u00ebrputhje me interesat socio-ekonomik dhe traditat e zon\u00ebs.<\/p>\n<p><strong>Njoftim i Institu\u00e7ionit t\u00eb Presidentit t\u00eb Republik\u00ebs:<\/strong><\/p>\n<p><em>Presidenti i Republik\u00ebs, Sh.T.Z. Ilir Meta, ka dekretuar sot me shpallje ligjin nr. 34\/2021 \u201cP\u00ebr ndryshimin e em\u00ebrtimit t\u00eb nj\u00ebsis\u00eb s\u00eb qeverisjes vendore nga \u201cBashkia Ura Vajgurore\u201d n\u00eb \u201cBashkia Dimal\u201d\u201d.<\/em><\/p>\n<p><em>Ndryshimi i em\u00ebrtimit t\u00eb nj\u00ebsis\u00eb s\u00eb qeverisjes vendore, \u201cBashkia Ura Vajgurore\u201d n\u00eb \u201cBashkia Dimal\u201d, nj\u00eb em\u00ebrtim i lasht\u00eb q\u00eb i sjell identitet zon\u00ebs, \u00ebsht\u00eb nj\u00eb hap q\u00eb vjen n\u00eb p\u00ebrputhje me interesat ekonomik\u00eb e so\u00e7ial\u00eb, tradit\u00ebn, kultur\u00ebn, lidhjet tradi\u00e7ionale dhe vlerat e tjera vendore, t\u00eb k\u00ebsaj bashkie.<\/em><\/p>\n<p><em>Ky ligj materializon vullnetin e popullsis\u00eb s\u00eb zon\u00ebs, pas nj\u00eb pro\u00e7esi t\u00eb gjer\u00eb konsultimi me banor\u00ebt e k\u00ebsaj bashkie.<\/em><\/p>\n","protected":false},"excerpt":{"rendered":"<p>Presidenti i vendit Ilir Meta ka dekretuar dit\u00ebn e sotme ndryshimin e em\u00ebrtimit t\u00eb t\u00eb nj\u00ebsis\u00eb s\u00eb qeverisjes vendore nga \u201cBashkia Ura Vajgurore\u201d n\u00eb \u201cBashkia Dimal\u201d. N\u00eb njoftimin e Presidenc\u00ebs b\u00ebhet me dije se ky ndryshim rikthen nj\u00eb em\u00ebrtim t\u00eb lasht\u00eb t\u00eb zon\u00ebs dhe vjen n\u00eb p\u00ebrputhje me interesat socio-ekonomik dhe traditat e zon\u00ebs. Njoftim [&hellip;]<\/p>\n","protected":false},"author":2030,"featured_media":173932,"comment_status":"closed","ping_status":"closed","sticky":false,"template":"","format":"standard","meta":{"footnotes":""},"categories":[241],"tags":[],"class_list":{"0":"post-173931","1":"post","2":"type-post","3":"status-publish","4":"format-standard","5":"has-post-thumbnail","7":"category-aktualitet"},"_links":{"self":[{"href":"https:\/\/zjarr.tv\/sq\/wp-json\/wp\/v2\/posts\/173931","targetHints":{"allow":["GET"]}}],"collection":[{"href":"https:\/\/zjarr.tv\/sq\/wp-json\/wp\/v2\/posts"}],"about":[{"href":"https:\/\/zjarr.tv\/sq\/wp-json\/wp\/v2\/types\/post"}],"author":[{"embeddable":true,"href":"https:\/\/zjarr.tv\/sq\/wp-json\/wp\/v2\/users\/2030"}],"replies":[{"embeddable":true,"href":"https:\/\/zjarr.tv\/sq\/wp-json\/wp\/v2\/comments?post=173931"}],"version-history":[{"count":0,"href":"https:\/\/zjarr.tv\/sq\/wp-json\/wp\/v2\/posts\/173931\/revisions"}],"wp:featuredmedia":[{"embeddable":true,"href":"https:\/\/zjarr.tv\/sq\/wp-json\/wp\/v2\/media\/173932"}],"wp:attachment":[{"href":"https:\/\/zjarr.tv\/sq\/wp-json\/wp\/v2\/media?parent=173931"}],"wp:term":[{"taxonomy":"category","embeddable":true,"href":"https:\/\/zjarr.tv\/sq\/wp-json\/wp\/v2\/categories?post=173931"},{"taxonomy":"post_tag","embeddable":true,"href":"https:\/\/zjarr.tv\/sq\/wp-json\/wp\/v2\/tags?post=173931"}],"curies":[{"name":"wp","href":"https:\/\/api.w.org\/{rel}","templated":true}]}}