{"id":173936,"date":"2021-04-01T16:17:27","date_gmt":"2021-04-01T14:17:27","guid":{"rendered":"https:\/\/zjarr.tv\/?p=173936"},"modified":"2021-04-01T16:17:27","modified_gmt":"2021-04-01T14:17:27","slug":"dy-persona-humben-jeten-pasi-u-vaksinuan-me-vaksinen-kineze-mjeku-dashote-nderpritet-procesi-i-vaksinimit-perkoheshisht","status":"publish","type":"post","link":"https:\/\/zjarr.tv\/sq\/dy-persona-humben-jeten-pasi-u-vaksinuan-me-vaksinen-kineze-mjeku-dashote-nderpritet-procesi-i-vaksinimit-perkoheshisht\/","title":{"rendered":"Dy persona humb\u00ebn jet\u00ebn pasi u vaksinuan me vaksin\u00ebn kineze \/Mjeku Dasho:T\u00eb nd\u00ebrpritet procesi i vaksinimit p\u00ebrkoh\u00ebshisht"},"content":{"rendered":"<p>Mjeku Erion Dasho k\u00ebrkon q\u00eb, t\u00eb pakt\u00ebn p\u00ebrkoh\u00ebsisht, t\u00eb nd\u00ebrpritet procesi i vaksinimit n\u00eb Shqip\u00ebri.<\/p>\n<p>N\u00eb nj\u00eb postim n\u00eb Facebook, ai thot\u00eb: \u201cP\u00ebr shkak t\u00eb t\u00eb pakt\u00ebn dy vdekjeve t\u00eb papritura midis personave q\u00eb kan\u00eb kryer vaksin\u00ebn CoronaVac (nj\u00eb prej t\u00eb cilave rast i investiguar personalisht q\u00eb humbi jet\u00ebn nj\u00eb dit\u00eb pas vaksinimit), i rekomandoj Ministris\u00eb s\u00eb Sh\u00ebndet\u00ebsis\u00eb dhe Komitetit t\u00eb Imunizimit t\u00eb pezullojn\u00eb p\u00ebrkoh\u00ebsisht fushat\u00ebn e imunizimit me CoronaVac deri sa k\u00ebto humbke jete t\u00eb investigohen dhe t\u00eb provohen si t\u00eb palidhura me vaksin\u00ebn n\u00eb fjal\u00eb\u201d.<\/p>\n<p>\u201cKjo thirrje nuk ka aspak q\u00ebllim t\u00eb ngjall\u00eb panik dhe t\u00eb d\u00ebmtoj\u00eb nj\u00eb proces t\u00eb dobish\u00ebm si\u00e7 \u00ebsht\u00eb imunizimi\u201d, shton Dasho. \u201cThjesht \u00ebsht\u00eb n\u00eb p\u00ebrputhje me praktikat e mira nd\u00ebrkomb\u00ebtare t\u00eb farmakovigjilenc\u00ebs. Dy humbje jete midis rreth 50 mij\u00eb t\u00eb vaksinuarve \u00ebsht\u00eb nj\u00eb tregues q\u00eb k\u00ebrkon kujdes t\u00eb jasht\u00ebzakonsh\u00ebm! Mbetem i hapur p\u00ebr t\u00eb komunikuar me p\u00ebrfaq\u00ebsues t\u00eb ministris\u00eb dhe komitetit lidhur me rastin q\u00eb kam investiguar personalisht<\/p>\n","protected":false},"excerpt":{"rendered":"<p>Mjeku Erion Dasho k\u00ebrkon q\u00eb, t\u00eb pakt\u00ebn p\u00ebrkoh\u00ebsisht, t\u00eb nd\u00ebrpritet procesi i vaksinimit n\u00eb Shqip\u00ebri. N\u00eb nj\u00eb postim n\u00eb Facebook, ai thot\u00eb: \u201cP\u00ebr shkak t\u00eb t\u00eb pakt\u00ebn dy vdekjeve t\u00eb papritura midis personave q\u00eb kan\u00eb kryer vaksin\u00ebn CoronaVac (nj\u00eb prej t\u00eb cilave rast i investiguar personalisht q\u00eb humbi jet\u00ebn nj\u00eb dit\u00eb pas vaksinimit), i rekomandoj [&hellip;]<\/p>\n","protected":false},"author":2031,"featured_media":173937,"comment_status":"closed","ping_status":"closed","sticky":false,"template":"","format":"standard","meta":{"footnotes":""},"categories":[241,231,235],"tags":[],"class_list":{"0":"post-173936","1":"post","2":"type-post","3":"status-publish","4":"format-standard","5":"has-post-thumbnail","7":"category-aktualitet","8":"category-lajme","9":"category-vendi"},"_links":{"self":[{"href":"https:\/\/zjarr.tv\/sq\/wp-json\/wp\/v2\/posts\/173936","targetHints":{"allow":["GET"]}}],"collection":[{"href":"https:\/\/zjarr.tv\/sq\/wp-json\/wp\/v2\/posts"}],"about":[{"href":"https:\/\/zjarr.tv\/sq\/wp-json\/wp\/v2\/types\/post"}],"author":[{"embeddable":true,"href":"https:\/\/zjarr.tv\/sq\/wp-json\/wp\/v2\/users\/2031"}],"replies":[{"embeddable":true,"href":"https:\/\/zjarr.tv\/sq\/wp-json\/wp\/v2\/comments?post=173936"}],"version-history":[{"count":0,"href":"https:\/\/zjarr.tv\/sq\/wp-json\/wp\/v2\/posts\/173936\/revisions"}],"wp:featuredmedia":[{"embeddable":true,"href":"https:\/\/zjarr.tv\/sq\/wp-json\/wp\/v2\/media\/173937"}],"wp:attachment":[{"href":"https:\/\/zjarr.tv\/sq\/wp-json\/wp\/v2\/media?parent=173936"}],"wp:term":[{"taxonomy":"category","embeddable":true,"href":"https:\/\/zjarr.tv\/sq\/wp-json\/wp\/v2\/categories?post=173936"},{"taxonomy":"post_tag","embeddable":true,"href":"https:\/\/zjarr.tv\/sq\/wp-json\/wp\/v2\/tags?post=173936"}],"curies":[{"name":"wp","href":"https:\/\/api.w.org\/{rel}","templated":true}]}}