{"id":173940,"date":"2021-04-01T16:31:28","date_gmt":"2021-04-01T14:31:28","guid":{"rendered":"https:\/\/zjarr.tv\/?p=173940"},"modified":"2021-04-01T16:31:28","modified_gmt":"2021-04-01T14:31:28","slug":"deda-i-kundervihet-rames-nuk-mund-te-luash-babain-e-kombit-duke-vaksinuar-vetem-te-moshuarit","status":"publish","type":"post","link":"https:\/\/zjarr.tv\/sq\/deda-i-kundervihet-rames-nuk-mund-te-luash-babain-e-kombit-duke-vaksinuar-vetem-te-moshuarit\/","title":{"rendered":"Deda i kund\u00ebrvihet Ram\u00ebs: Nuk mund t\u00eb luash \u201cbabain e kombit\u201d duke vaksinuar vet\u00ebm t\u00eb moshuarit"},"content":{"rendered":"<p>Aktori i mir\u00ebnjohur i humorit Jul Deda me an\u00eb t\u00eb nj\u00eb postimi n\u00eb facebook e ka vler\u00ebsuar fushat\u00ebn e vaksinimit nga kryeministri si nj\u00eb \u201cloj\u00eb t\u00eb pist\u00eb.\u201d<\/p>\n<p>Sipas aktorit, Rama nuk mund t\u00eb merret vet\u00ebm me t\u00eb moshuarit dhe t\u00eb harroj\u00eb t\u00eb rinjt\u00eb, ata t\u00eb cil\u00ebt jan\u00eb e ardhmja e vendit.<\/p>\n<p>Deda shprehet se kryeministri po shfryt\u00ebzon dhembsurin\u00eb q\u00eb kemi p\u00ebr t\u00eb moshuarit duke luajtur nj\u00eb loj\u00eb t\u00eb pist\u00eb.<\/p>\n<p><strong>Postimi i plot\u00eb I Ded\u00ebs:<\/strong><\/p>\n<p><em>\u201cLoja e ndyre e piktorit.<\/em><\/p>\n<p><em>Mosha e trete pa diskutim duhet respektuar, ndihmuar dhe trajtuar si\u00e7 i takon, por ti nuk mund te besh fushate mbi kete fakt o piktor.<\/em><\/p>\n<p><em> Nuk mund te merresh vetem me te moshuarit dhe te harrosh te rinjte, te harrosh te ardhmen e vendit.<\/em><\/p>\n<p><em>Fushata jote, duke shfrytezuar dhembshurine qe mund te kemi per te moshuarit eshte loje e piset nga ana jote.<\/em><\/p>\n<p><em>Nese nje i moshuar na dhimbset se eshte i vetmuar, eshte sepse ti detyrove femijet e tij te iknin nga ky vend.<\/em><\/p>\n<p><em>Rinia mori valixhet per shkakun tend, prandaj ti ke frike te perballesh me rinine, me familjet e reja, me krahun e vertete te punes, te cilin ti e le si peshku pa uje.<\/em><\/p>\n<p><em>Nuk mund te dalesh atje, te luash \u201cbabain e kombit\u201d si delirant dhe te shfrytezosh deshiren e te moshuarve per te jetuar sa me gjate, per t\u2019i kthyer ne vote.<\/em><\/p>\n<p><em>Fushata jote \u201cnje i moshuar, nje vaksine, nje vote\u201d eshte teper e shpifur dhe aspak njerezore\u201d.<\/em><\/p>\n","protected":false},"excerpt":{"rendered":"<p>Aktori i mir\u00ebnjohur i humorit Jul Deda me an\u00eb t\u00eb nj\u00eb postimi n\u00eb facebook e ka vler\u00ebsuar fushat\u00ebn e vaksinimit nga kryeministri si nj\u00eb \u201cloj\u00eb t\u00eb pist\u00eb.\u201d Sipas aktorit, Rama nuk mund t\u00eb merret vet\u00ebm me t\u00eb moshuarit dhe t\u00eb harroj\u00eb t\u00eb rinjt\u00eb, ata t\u00eb cil\u00ebt jan\u00eb e ardhmja e vendit. Deda shprehet se kryeministri [&hellip;]<\/p>\n","protected":false},"author":2030,"featured_media":173941,"comment_status":"closed","ping_status":"closed","sticky":false,"template":"","format":"standard","meta":{"footnotes":""},"categories":[241,1454],"tags":[],"class_list":{"0":"post-173940","1":"post","2":"type-post","3":"status-publish","4":"format-standard","5":"has-post-thumbnail","7":"category-aktualitet","8":"category-politike"},"_links":{"self":[{"href":"https:\/\/zjarr.tv\/sq\/wp-json\/wp\/v2\/posts\/173940","targetHints":{"allow":["GET"]}}],"collection":[{"href":"https:\/\/zjarr.tv\/sq\/wp-json\/wp\/v2\/posts"}],"about":[{"href":"https:\/\/zjarr.tv\/sq\/wp-json\/wp\/v2\/types\/post"}],"author":[{"embeddable":true,"href":"https:\/\/zjarr.tv\/sq\/wp-json\/wp\/v2\/users\/2030"}],"replies":[{"embeddable":true,"href":"https:\/\/zjarr.tv\/sq\/wp-json\/wp\/v2\/comments?post=173940"}],"version-history":[{"count":0,"href":"https:\/\/zjarr.tv\/sq\/wp-json\/wp\/v2\/posts\/173940\/revisions"}],"wp:featuredmedia":[{"embeddable":true,"href":"https:\/\/zjarr.tv\/sq\/wp-json\/wp\/v2\/media\/173941"}],"wp:attachment":[{"href":"https:\/\/zjarr.tv\/sq\/wp-json\/wp\/v2\/media?parent=173940"}],"wp:term":[{"taxonomy":"category","embeddable":true,"href":"https:\/\/zjarr.tv\/sq\/wp-json\/wp\/v2\/categories?post=173940"},{"taxonomy":"post_tag","embeddable":true,"href":"https:\/\/zjarr.tv\/sq\/wp-json\/wp\/v2\/tags?post=173940"}],"curies":[{"name":"wp","href":"https:\/\/api.w.org\/{rel}","templated":true}]}}