{"id":173954,"date":"2021-04-01T17:46:16","date_gmt":"2021-04-01T15:46:16","guid":{"rendered":"https:\/\/zjarr.tv\/?p=173954"},"modified":"2021-04-01T17:46:16","modified_gmt":"2021-04-01T15:46:16","slug":"zyrtarizohet-fleta-e-votimit-te-25-prillit-kqz-vendos-per-perfshirjen-e-emrave-te-kandidateve-dhe-jo-numrave","status":"publish","type":"post","link":"https:\/\/zjarr.tv\/sq\/zyrtarizohet-fleta-e-votimit-te-25-prillit-kqz-vendos-per-perfshirjen-e-emrave-te-kandidateve-dhe-jo-numrave\/","title":{"rendered":"Zyrtarizohet fleta e votimit t\u00eb 25 Prillit, KQZ vendos p\u00ebr p\u00ebrfshirjen e emrave t\u00eb kandidat\u00ebve dhe jo numrave"},"content":{"rendered":"<p>Komisioni Q\u00ebndror i Zgjedhjeve ka miratuar flet\u00ebn e votimit me emra duke rr\u00ebzuar k\u00ebrkes\u00ebn e Partis\u00eb Socialiste q\u00eb k\u00ebrkonte nj\u00eb flet\u00eb me numrat e kandidat\u00ebve.<\/p>\n<p>&nbsp;<\/p>\n<p>Propozimi i b\u00ebr\u00eb nga Partia Socialiste p\u00ebr nj\u00eb flet\u00eb votimi, ku kandidat\u00ebt identifikoheshin me numra u rr\u00ebzua q\u00eb n\u00eb hyrje t\u00eb mbledhjes pasi Komisioneri Shtet\u00ebror i Zgjedhjeve Ilirjan Celibashi, nuk e mori n\u00eb konsiderat\u00eb p\u00ebr ta shqyrtuar gjat\u00eb mbledhjes s\u00eb sotme.<\/p>\n<p>&nbsp;<\/p>\n<p>Gjat\u00eb mbledhjes u vendos q\u00eb madh\u00ebsia e flet\u00ebs s\u00eb votimit t\u00eb jet\u00eb e pandryeshueshme porn \u00eb ato qarqe me num\u00ebr t\u00eb lart\u00eb kandidat\u00ebsh si Tirana, t\u00eb behet zvog\u00eblimi i emrave t\u00eb kandidat\u00ebve.<\/p>\n<p>&nbsp;<\/p>\n<p>Tashm\u00eb shqiptar\u00ebt do t\u00eb drejtohen drejt kutive t\u00eb votimit me nj\u00eb flet\u00eb ku kan\u00eb t\u00eb sh\u00ebnuar t\u00eb gjith\u00eb emrat e kandidat\u00ebve n\u00eb gar\u00eb p\u00ebr t\u00eb b\u00ebr\u00eb m\u00eb poas p\u00ebrzgjedhjen e atij q\u00eb konsiderojn\u00eb si m\u00eb t\u00eb p\u00ebrshtatshmin p\u00ebr t\u2019i p\u00ebrfaq\u00ebsuar.<\/p>\n","protected":false},"excerpt":{"rendered":"<p>Komisioni Q\u00ebndror i Zgjedhjeve ka miratuar flet\u00ebn e votimit me emra duke rr\u00ebzuar k\u00ebrkes\u00ebn e Partis\u00eb Socialiste q\u00eb k\u00ebrkonte nj\u00eb flet\u00eb me numrat e kandidat\u00ebve. &nbsp; Propozimi i b\u00ebr\u00eb nga Partia Socialiste p\u00ebr nj\u00eb flet\u00eb votimi, ku kandidat\u00ebt identifikoheshin me numra u rr\u00ebzua q\u00eb n\u00eb hyrje t\u00eb mbledhjes pasi Komisioneri Shtet\u00ebror i Zgjedhjeve Ilirjan Celibashi, [&hellip;]<\/p>\n","protected":false},"author":2031,"featured_media":173955,"comment_status":"closed","ping_status":"closed","sticky":false,"template":"","format":"standard","meta":{"footnotes":""},"categories":[241,231,235],"tags":[],"class_list":{"0":"post-173954","1":"post","2":"type-post","3":"status-publish","4":"format-standard","5":"has-post-thumbnail","7":"category-aktualitet","8":"category-lajme","9":"category-vendi"},"_links":{"self":[{"href":"https:\/\/zjarr.tv\/sq\/wp-json\/wp\/v2\/posts\/173954","targetHints":{"allow":["GET"]}}],"collection":[{"href":"https:\/\/zjarr.tv\/sq\/wp-json\/wp\/v2\/posts"}],"about":[{"href":"https:\/\/zjarr.tv\/sq\/wp-json\/wp\/v2\/types\/post"}],"author":[{"embeddable":true,"href":"https:\/\/zjarr.tv\/sq\/wp-json\/wp\/v2\/users\/2031"}],"replies":[{"embeddable":true,"href":"https:\/\/zjarr.tv\/sq\/wp-json\/wp\/v2\/comments?post=173954"}],"version-history":[{"count":0,"href":"https:\/\/zjarr.tv\/sq\/wp-json\/wp\/v2\/posts\/173954\/revisions"}],"wp:featuredmedia":[{"embeddable":true,"href":"https:\/\/zjarr.tv\/sq\/wp-json\/wp\/v2\/media\/173955"}],"wp:attachment":[{"href":"https:\/\/zjarr.tv\/sq\/wp-json\/wp\/v2\/media?parent=173954"}],"wp:term":[{"taxonomy":"category","embeddable":true,"href":"https:\/\/zjarr.tv\/sq\/wp-json\/wp\/v2\/categories?post=173954"},{"taxonomy":"post_tag","embeddable":true,"href":"https:\/\/zjarr.tv\/sq\/wp-json\/wp\/v2\/tags?post=173954"}],"curies":[{"name":"wp","href":"https:\/\/api.w.org\/{rel}","templated":true}]}}