{"id":173968,"date":"2021-04-01T22:39:15","date_gmt":"2021-04-01T20:39:15","guid":{"rendered":"https:\/\/zjarr.tv\/?p=173968"},"modified":"2021-04-01T22:39:15","modified_gmt":"2021-04-01T20:39:15","slug":"osshe-njofton-nderprerje-te-energjise-elektrike-ne-keto-zona","status":"publish","type":"post","link":"https:\/\/zjarr.tv\/sq\/osshe-njofton-nderprerje-te-energjise-elektrike-ne-keto-zona\/","title":{"rendered":"OSSHE njofton nd\u00ebrprerje t\u00eb energjis\u00eb elektrike n\u00eb k\u00ebto zona"},"content":{"rendered":"<p>OSSHE b\u00ebn me dije p\u00ebrmes nj\u00eb njoftimi publik se dit\u00ebn e nes\u00ebrme gjat\u00eb intervalit kohor 09:00-13:00 n\u00eb Tiran\u00eb, do t\u00eb ket\u00eb nd\u00ebrprerje t\u00eb energjis\u00eb elektrike n\u00eb k\u00ebto zona: Rruga \u201cMine Peza\u201d, \u201cManastiri i Ri\u201d, rruga \u201cDon Bosko\u201d, Zona pran\u00eb pallatit t\u00eb Sportit \u201cAsllan Rusi\u201d, Laprak\u00eb, rruga \u201cPandi Dardha\u201d, rruga \u201cMati Logoreci\u201d, rruga \u201cVangjel Noti\u201d, rruga \u201cNdre Mjeda\u201d,\u00a0 rruga \u201cKongresi i Lushnjes\u201d, \u201crruga e Durr\u00ebsit\u201d, rruga \u201cMuhamet Gjollesha\u201d, zona pran\u00eb ish-fush\u00ebs s\u00eb Aviacionit, zona pran\u00eb kryq\u00ebzimit tek Zogu i Zi, rruga \u201cArtan Lenja\u201d, rruga \u201cBab Rexha\u201d<\/p>\n<p>Njoftim p\u00ebr abonent\u00ebt n\u00eb Tiran\u00eb:<\/p>\n<p>Stakim, 2 prill<\/p>\n<p>P\u00ebr shkak t\u00eb remontit t\u00eb parashikuar n\u00eb NST Tirana 1, nes\u00ebr, dat\u00eb 2 prill do t\u00eb stakohet energjia n\u00eb intervalin kohor 09:00-13:00.<\/p>\n<p>Pa energji do t\u00eb mbeten k\u00ebto zona n\u00eb Tiran\u00eb:<\/p>\n<p>Pjes\u00ebrisht: Rruga \u201cMine Peza\u201d, \u201cManastiri i Ri\u201d, rruga \u201cDon Bosko\u201d, Zona pran\u00eb pallatit t\u00eb Sportit \u201cAsllan Rusi\u201d, Laprak\u00eb, rruga \u201cPandi Dardha\u201d, rruga \u201cMati Logoreci\u201d, rruga \u201cVangjel Noti\u201d, rruga \u201cNdre Mjeda\u201d,\u00a0 rruga \u201cKongresi i Lushnjes\u201d, \u201crruga e Durr\u00ebsit\u201d, rruga \u201cMuhamet Gjollesha\u201d, zona pran\u00eb ish-fush\u00ebs s\u00eb Aviacionit, zona pran\u00eb kryq\u00ebzimit tek Zogu i Zi, rruga \u201cArtan Lenja\u201d, rruga \u201cBab Rexha\u201d<\/p>\n<p>&nbsp;<\/p>\n","protected":false},"excerpt":{"rendered":"<p>OSSHE b\u00ebn me dije p\u00ebrmes nj\u00eb njoftimi publik se dit\u00ebn e nes\u00ebrme gjat\u00eb intervalit kohor 09:00-13:00 n\u00eb Tiran\u00eb, do t\u00eb ket\u00eb nd\u00ebrprerje t\u00eb energjis\u00eb elektrike n\u00eb k\u00ebto zona: Rruga \u201cMine Peza\u201d, \u201cManastiri i Ri\u201d, rruga \u201cDon Bosko\u201d, Zona pran\u00eb pallatit t\u00eb Sportit \u201cAsllan Rusi\u201d, Laprak\u00eb, rruga \u201cPandi Dardha\u201d, rruga \u201cMati Logoreci\u201d, rruga \u201cVangjel Noti\u201d, rruga [&hellip;]<\/p>\n","protected":false},"author":2031,"featured_media":173969,"comment_status":"closed","ping_status":"closed","sticky":false,"template":"","format":"standard","meta":{"footnotes":""},"categories":[231],"tags":[],"class_list":{"0":"post-173968","1":"post","2":"type-post","3":"status-publish","4":"format-standard","5":"has-post-thumbnail","7":"category-lajme"},"_links":{"self":[{"href":"https:\/\/zjarr.tv\/sq\/wp-json\/wp\/v2\/posts\/173968","targetHints":{"allow":["GET"]}}],"collection":[{"href":"https:\/\/zjarr.tv\/sq\/wp-json\/wp\/v2\/posts"}],"about":[{"href":"https:\/\/zjarr.tv\/sq\/wp-json\/wp\/v2\/types\/post"}],"author":[{"embeddable":true,"href":"https:\/\/zjarr.tv\/sq\/wp-json\/wp\/v2\/users\/2031"}],"replies":[{"embeddable":true,"href":"https:\/\/zjarr.tv\/sq\/wp-json\/wp\/v2\/comments?post=173968"}],"version-history":[{"count":0,"href":"https:\/\/zjarr.tv\/sq\/wp-json\/wp\/v2\/posts\/173968\/revisions"}],"wp:featuredmedia":[{"embeddable":true,"href":"https:\/\/zjarr.tv\/sq\/wp-json\/wp\/v2\/media\/173969"}],"wp:attachment":[{"href":"https:\/\/zjarr.tv\/sq\/wp-json\/wp\/v2\/media?parent=173968"}],"wp:term":[{"taxonomy":"category","embeddable":true,"href":"https:\/\/zjarr.tv\/sq\/wp-json\/wp\/v2\/categories?post=173968"},{"taxonomy":"post_tag","embeddable":true,"href":"https:\/\/zjarr.tv\/sq\/wp-json\/wp\/v2\/tags?post=173968"}],"curies":[{"name":"wp","href":"https:\/\/api.w.org\/{rel}","templated":true}]}}