{"id":173984,"date":"2021-04-02T07:56:42","date_gmt":"2021-04-02T05:56:42","guid":{"rendered":"https:\/\/zjarr.tv\/?p=173984"},"modified":"2021-04-02T07:59:13","modified_gmt":"2021-04-02T05:59:13","slug":"manastirliu-tha-se-ndalohen-grumbullimet-ne-ambientet-e-hapura-dhe-te-mbyllura-deri-ne-8-prill-por-ja-cfare-ndodh-ne-qender-te-tiranes","status":"publish","type":"post","link":"https:\/\/zjarr.tv\/sq\/manastirliu-tha-se-ndalohen-grumbullimet-ne-ambientet-e-hapura-dhe-te-mbyllura-deri-ne-8-prill-por-ja-cfare-ndodh-ne-qender-te-tiranes\/","title":{"rendered":"Manastirliu tha se ndalohen grumbullimet n\u00eb ambientet e hapura dhe t\u00eb mbyllura deri n\u00eb 8 Prill, por ja \u00e7far\u00eb ndodh n\u00eb qend\u00ebr t\u00eb Tiran\u00ebs(Foto)"},"content":{"rendered":"<p>Komiteti Teknik i Ekspert\u00ebve, vuri masat p\u00ebr ndalimin e pandemis\u00eb, q\u00eb do t\u00eb jen\u00eb n\u00eb fuqi, deri n\u00eb 8 Prill 2021.<\/p>\n<p>P\u00ebrmes nj\u00eb VKM-je, t\u00eb publikuar dit\u00ebn e djeshme n\u00eb Fletoren Zyrtare me firm\u00ebn e Ministres s\u00eb Sh\u00ebndet\u00ebsie Manastirliu, b\u00ebhet me dije s\u2019e ndalohen grumbullimet n\u00eb ambientet e hapura dhe t\u00eb mbyllura.<\/p>\n<p>M\u00eb her\u00ebt, ishte vendosur q\u00eb nj\u00eb mas\u00eb e till\u00eb t\u00eb ishte e zbatueshme deri n\u00eb 25 Prill 2021, nd\u00ebrkoh\u00eb q\u00eb \u00ebsht\u00eb shtyr\u00eb edhe p\u00ebr 2 jav\u00eb t\u00eb tjera nga kjo dat\u00eb.<\/p>\n<p>Komiteti Teknik i Ekspert\u00ebve, i la n\u00eb fuqi masat e marra p\u00ebr ndalimin e pandemis\u00eb dhe lejoi vet\u00ebm kthimin e maturant\u00ebve n\u00eb klasa.<\/p>\n<p><img loading=\"lazy\" decoding=\"async\" class=\"alignnone size-full wp-image-173988\" src=\"https:\/\/zjarr.tv\/wp-content\/uploads\/2021\/04\/Manastirliu-rumbullimet.jpg\" alt=\"\" width=\"940\" height=\"788\" srcset=\"https:\/\/zjarr.tv\/wp-content\/uploads\/2021\/04\/Manastirliu-rumbullimet.jpg 940w, https:\/\/zjarr.tv\/wp-content\/uploads\/2021\/04\/Manastirliu-rumbullimet-300x251.jpg 300w, https:\/\/zjarr.tv\/wp-content\/uploads\/2021\/04\/Manastirliu-rumbullimet-768x644.jpg 768w, https:\/\/zjarr.tv\/wp-content\/uploads\/2021\/04\/Manastirliu-rumbullimet-696x583.jpg 696w, https:\/\/zjarr.tv\/wp-content\/uploads\/2021\/04\/Manastirliu-rumbullimet-501x420.jpg 501w\" sizes=\"auto, (max-width: 940px) 100vw, 940px\" \/><\/p>\n<p>&nbsp;<\/p>\n","protected":false},"excerpt":{"rendered":"<p>Komiteti Teknik i Ekspert\u00ebve, vuri masat p\u00ebr ndalimin e pandemis\u00eb, q\u00eb do t\u00eb jen\u00eb n\u00eb fuqi, deri n\u00eb 8 Prill 2021. P\u00ebrmes nj\u00eb VKM-je, t\u00eb publikuar dit\u00ebn e djeshme n\u00eb Fletoren Zyrtare me firm\u00ebn e Ministres s\u00eb Sh\u00ebndet\u00ebsie Manastirliu, b\u00ebhet me dije s\u2019e ndalohen grumbullimet n\u00eb ambientet e hapura dhe t\u00eb mbyllura. M\u00eb her\u00ebt, ishte [&hellip;]<\/p>\n","protected":false},"author":2016,"featured_media":173986,"comment_status":"closed","ping_status":"closed","sticky":false,"template":"","format":"standard","meta":{"footnotes":""},"categories":[241],"tags":[2062],"class_list":{"0":"post-173984","1":"post","2":"type-post","3":"status-publish","4":"format-standard","5":"has-post-thumbnail","7":"category-aktualitet","8":"tag-lajme-zjarr-manastirliu-ndalon-grumbullimet-zjarr-tv"},"_links":{"self":[{"href":"https:\/\/zjarr.tv\/sq\/wp-json\/wp\/v2\/posts\/173984","targetHints":{"allow":["GET"]}}],"collection":[{"href":"https:\/\/zjarr.tv\/sq\/wp-json\/wp\/v2\/posts"}],"about":[{"href":"https:\/\/zjarr.tv\/sq\/wp-json\/wp\/v2\/types\/post"}],"author":[{"embeddable":true,"href":"https:\/\/zjarr.tv\/sq\/wp-json\/wp\/v2\/users\/2016"}],"replies":[{"embeddable":true,"href":"https:\/\/zjarr.tv\/sq\/wp-json\/wp\/v2\/comments?post=173984"}],"version-history":[{"count":0,"href":"https:\/\/zjarr.tv\/sq\/wp-json\/wp\/v2\/posts\/173984\/revisions"}],"wp:featuredmedia":[{"embeddable":true,"href":"https:\/\/zjarr.tv\/sq\/wp-json\/wp\/v2\/media\/173986"}],"wp:attachment":[{"href":"https:\/\/zjarr.tv\/sq\/wp-json\/wp\/v2\/media?parent=173984"}],"wp:term":[{"taxonomy":"category","embeddable":true,"href":"https:\/\/zjarr.tv\/sq\/wp-json\/wp\/v2\/categories?post=173984"},{"taxonomy":"post_tag","embeddable":true,"href":"https:\/\/zjarr.tv\/sq\/wp-json\/wp\/v2\/tags?post=173984"}],"curies":[{"name":"wp","href":"https:\/\/api.w.org\/{rel}","templated":true}]}}