{"id":173991,"date":"2021-04-02T08:13:24","date_gmt":"2021-04-02T06:13:24","guid":{"rendered":"https:\/\/zjarr.tv\/?p=173991"},"modified":"2021-04-02T08:14:04","modified_gmt":"2021-04-02T06:14:04","slug":"flet-perlat-kapisyzi-asnje-tire-smund-te-neperkembe-punen-e-mjekeve-duhet-te-na-besoni-me-shume","status":"publish","type":"post","link":"https:\/\/zjarr.tv\/sq\/flet-perlat-kapisyzi-asnje-tire-smund-te-neperkembe-punen-e-mjekeve-duhet-te-na-besoni-me-shume\/","title":{"rendered":"Flet Perlat Kapisyzi: Asnj\u00eb Tire s\u2019mund t\u00eb n\u00ebp\u00ebrk\u00ebmb\u00eb pun\u00ebn e mjek\u00ebve, duhet t\u00eb na besoni m\u00eb shum\u00eb\u2026"},"content":{"rendered":"<p>Drejtori i Spitalit\u00a0\u201cShefqet Ndroqi\u201d,\u00a0Perlat Kapisyzi, ishte i ftuar n\u00eb<strong>\u00a0<\/strong>\u201cRadari Informativ\u201dn\u00eb<strong>\u00a0<\/strong>ABC, ku\u00a0tha se familjar\u00ebt nuk ndalohen q\u00eb t\u00eb sjellin ushqime p\u00ebr t\u00eb af\u00ebrmit e tyre, q\u00eb jan\u00eb t\u00eb shtruar n\u00eb spital.<\/p>\n<p>I pyetur nga gazetarja Jonida Shehu p\u00ebr ngjarjet e fundit q\u00eb kan\u00eb ndodhur n\u00eb spitalet e kovid, Kapisyzi theksoi s\u2019e asnj\u00eb lajm negative, nuk mund t\u00eb hedh\u00eb posht\u00eb sakrific\u00ebn e personelit mjek\u00ebsor.<\/p>\n<p><em>\u201cAsnj\u00eb lajm dhe asnj\u00eb Tire\u201d,<\/em>\u00a0tha Kapisyzi nuk mund t\u00eb n\u00ebp\u00ebrk\u00ebmb\u00eb pun\u00ebn e palodhur t\u00eb personelit , duke shtuar:\u00a0<em>\u201cUn\u00eb do t\u00eb theksoja se lajm duhet b\u00ebr\u00eb sakrifica puna e personelit dhe asnj\u00eb Tire apo asnj\u00eb prangosje nuk mund t\u00eb n\u00ebp\u00ebrk\u00ebmb\u00eb dhe t\u00eb n\u00ebnvler\u00ebsoj\u00eb pun\u00ebn e palodhur t\u00eb atij personeli. U dha nj\u00eb mesazh sikur ajo ka q\u00ebndruar pa ngr\u00ebn\u00eb. M\u00eb thuaj se \u00e7far\u00eb mase duhet t\u00eb marr un\u00eb q\u00eb t\u00eb zbuloj se kan\u00eb apo jo lidhje familjare\u201d,<\/em>\u00a0shprehet Kapisyzi.<\/p>\n<p>I ndalur tek procesi i vaksin\u00ebs, drejtori i spitalit \u201cShfeqet Ndroqi\u201d, u shpreh se m\u00eb r\u00ebnd\u00ebsi \u00ebsht\u00eb marrja e saj sepse n\u00eb 95% t\u00eb rasteve, vaksinat shp\u00ebtojn\u00eb jet\u00eb.<\/p>\n<p>Pyetje:\u00a0<em>Sjellin familjar\u00ebt ushqim akoma?<\/em><\/p>\n<p>Kapisyzi:\u00a0<em>Po patjet\u00ebr sepse ndikon n\u00eb an\u00ebn psikologjike. Un\u00eb e kuptoj q\u00eb krahas pandemis\u00eb \u00ebsht\u00eb edhe pandemia e rraskapitjes. Pasi p\u00ebrve\u00e7 personelit\u00a0 edhe familjar\u00ebt jan\u00eb t\u00eb lodhur dhe un\u00eb ju them q\u00eb duhet t\u00eb na besoni sa m\u00eb shum\u00eb.<\/em><\/p>\n<p>Dy vdekje t\u00eb dyshuara nga vaksina Sinovac?<\/p>\n<p>Kapisyzi:\u00a0<em>Pas aksidentit t\u00eb bukur q\u00eb ndodhi. Pra marrja e vaksin\u00ebs, as un\u00eb askush nuk e mendonte q\u00eb do t\u00eb vinte kjo dit\u00eb q\u00eb ne t\u00eb siguronin kaq shum\u00eb vaksina dhe nuk m\u00eb shkon kurr\u00eb nd\u00ebrmend t\u00eb them mos e b\u00ebni k\u00ebt\u00eb vaksin\u00eb. K\u00ebto vaksina pothuajse n\u00eb 95% t\u00eb rasteve shp\u00ebtojn\u00eb jet\u00ebn.<\/em><\/p>\n<p>&nbsp;<\/p>\n","protected":false},"excerpt":{"rendered":"<p>Drejtori i Spitalit\u00a0\u201cShefqet Ndroqi\u201d,\u00a0Perlat Kapisyzi, ishte i ftuar n\u00eb\u00a0\u201cRadari Informativ\u201dn\u00eb\u00a0ABC, ku\u00a0tha se familjar\u00ebt nuk ndalohen q\u00eb t\u00eb sjellin ushqime p\u00ebr t\u00eb af\u00ebrmit e tyre, q\u00eb jan\u00eb t\u00eb shtruar n\u00eb spital. I pyetur nga gazetarja Jonida Shehu p\u00ebr ngjarjet e fundit q\u00eb kan\u00eb ndodhur n\u00eb spitalet e kovid, Kapisyzi theksoi s\u2019e asnj\u00eb lajm negative, nuk mund [&hellip;]<\/p>\n","protected":false},"author":2016,"featured_media":173993,"comment_status":"closed","ping_status":"closed","sticky":false,"template":"","format":"standard","meta":{"footnotes":""},"categories":[241],"tags":[1236],"class_list":{"0":"post-173991","1":"post","2":"type-post","3":"status-publish","4":"format-standard","5":"has-post-thumbnail","7":"category-aktualitet","8":"tag-lajme-zjarr-flet-perlat-kapisyzi-zjarr-tv"},"_links":{"self":[{"href":"https:\/\/zjarr.tv\/sq\/wp-json\/wp\/v2\/posts\/173991","targetHints":{"allow":["GET"]}}],"collection":[{"href":"https:\/\/zjarr.tv\/sq\/wp-json\/wp\/v2\/posts"}],"about":[{"href":"https:\/\/zjarr.tv\/sq\/wp-json\/wp\/v2\/types\/post"}],"author":[{"embeddable":true,"href":"https:\/\/zjarr.tv\/sq\/wp-json\/wp\/v2\/users\/2016"}],"replies":[{"embeddable":true,"href":"https:\/\/zjarr.tv\/sq\/wp-json\/wp\/v2\/comments?post=173991"}],"version-history":[{"count":0,"href":"https:\/\/zjarr.tv\/sq\/wp-json\/wp\/v2\/posts\/173991\/revisions"}],"wp:featuredmedia":[{"embeddable":true,"href":"https:\/\/zjarr.tv\/sq\/wp-json\/wp\/v2\/media\/173993"}],"wp:attachment":[{"href":"https:\/\/zjarr.tv\/sq\/wp-json\/wp\/v2\/media?parent=173991"}],"wp:term":[{"taxonomy":"category","embeddable":true,"href":"https:\/\/zjarr.tv\/sq\/wp-json\/wp\/v2\/categories?post=173991"},{"taxonomy":"post_tag","embeddable":true,"href":"https:\/\/zjarr.tv\/sq\/wp-json\/wp\/v2\/tags?post=173991"}],"curies":[{"name":"wp","href":"https:\/\/api.w.org\/{rel}","templated":true}]}}