{"id":174008,"date":"2021-04-02T09:01:49","date_gmt":"2021-04-02T07:01:49","guid":{"rendered":"https:\/\/zjarr.tv\/?p=174008"},"modified":"2021-04-02T09:02:43","modified_gmt":"2021-04-02T07:02:43","slug":"debat-mes-topallit-dhe-arjan-currit-topalli-keta-duhet-te-largohen-curri-topallit-edhe-ju-bashke-me-ta","status":"publish","type":"post","link":"https:\/\/zjarr.tv\/sq\/debat-mes-topallit-dhe-arjan-currit-topalli-keta-duhet-te-largohen-curri-topallit-edhe-ju-bashke-me-ta\/","title":{"rendered":"Debat mes Topallit dhe Arjan Currit\/ Topalli: K\u00ebta duhet t\u00eb largohen, Curri Topallit: Edhe ju bashk\u00eb me ta\u2026"},"content":{"rendered":"<p>Analisti Arjan Curri dhe Jozefina Topalli, jan\u00eb p\u00ebrfshir\u00eb n\u00eb nj\u00eb debat, teksa diskutohej lidhur me zgjedhjet e 25 Prillit.<\/p>\n<p>\u201cK\u00ebta duhet t\u00eb largohen\u201d, shprehet Jozefina Topalli, duke iu referuar emrave kryesor n\u00eb politik\u00ebn shqiptare. Por deklarat\u00ebs s\u00eb saj, Arjan Curri nd\u00ebrhyri duke th\u00ebn\u00eb s\u2019e edhe Topalli, duhet t\u00eb largohet bashk\u00eb me ta.<\/p>\n<p>Gjat\u00eb debatit mes tyre, Topalli tha se ajo nuk duhet t\u00eb largohet n\u00eb m\u00ebnyr\u00eb absolute, pasi \u201cL\u00ebvizja p\u00ebr Ndryshim\u201d, do t\u00eb fus\u00eb n\u00eb Parlament t\u00eb rinj dhe t\u00eb reja t\u00eb mir\u00ebarsimuar.<\/p>\n<p>Curri vijoi m\u00eb tej duke th\u00ebn\u00eb se; \u201cn\u00ebse ka ndonj\u00eb shans q\u00eb Partia juaj t\u00eb nxjerr\u00eb ndonj\u00eb deputet, at\u00ebher\u00eb ajo do t\u00eb jeni ju. Votuesit n\u00eb Shqip\u00ebri identifikohen me figur\u00ebn e kryetarit\u201d.<\/p>\n<p><em>Pjes\u00eb nga intervista:<\/em><\/p>\n<p><em><strong>Curri:<\/strong><\/em>\u00a0Ju po thoni t\u00eb ikin t\u00eb gjith\u00eb dhe t\u00eb rrini ju?<\/p>\n<p><em><strong>Topalli:\u00a0<\/strong><\/em>K\u00ebta duhet t\u00eb largohen<\/p>\n<p><em><strong>Curri:\u00a0<\/strong><\/em>Edhe ju bashk\u00eb me ta<\/p>\n<p><em><strong>Topalli:\u00a0<\/strong><\/em>Absolutisht jo. L\u00ebvizja p\u00ebr Ndryshim do t\u00eb fus\u00eb n\u00eb parlament t\u00eb rinj e t\u00eb reja t\u00eb mir\u00ebarsimuar.<\/p>\n<p><em><strong>Curri:\u00a0<\/strong><\/em>N\u00ebse ka ndonj\u00eb shans q\u00eb partia juaj t\u00eb nxjerr\u00eb ndonj\u00eb deputet at\u00ebher\u00eb ajo do t\u00eb jeni ju. Votuesit n\u00eb Shqip\u00ebri identifikohen me figur\u00ebn e kryetarit.<\/p>\n<p><em><strong>Topalli:\u00a0<\/strong><\/em>Ky \u00ebsht\u00eb problem<\/p>\n<p><em><strong>Curri:<\/strong><\/em>\u00a0Vet\u00ebm ju jeni aty, ju jeni kaq e madhe dhe b\u00ebni nj\u00eb hije kaq t\u00eb madhe posht\u00eb sa ata nuk duken.<\/p>\n<p><em><strong>Topalli:\u00a0<\/strong><\/em>Un\u00eb i kam arritur t\u00eb gjitha n\u00eb jet\u00eb<\/p>\n<p><em><strong>Curri:\u00a0<\/strong><\/em>N\u00ebse do ta kishit b\u00ebr\u00eb do ishit t\u00ebrhequr<\/p>\n<p><em><strong>Topalli:\u00a0<\/strong><\/em>Un\u00eb dua t\u00eb krijoj nj\u00eb elit\u00eb t\u00eb re<\/p>\n<p><em><strong>Curri:\u00a0<\/strong><\/em>Nuk krijohet nj\u00eb elit\u00eb e re nga nj\u00eb personazh i vjet\u00ebr. Un\u00eb nuk ndjej dhe nuk mund t\u00eb shquaj nj\u00eb t\u00eb dyt\u00eb n\u00eb partin\u00eb tuaj.<\/p>\n<p><em><strong>Zheji:\u00a0<\/strong><\/em>Ose i eklipsoni ju<\/p>\n<p><em><strong>Curri:\u00a0<\/strong><\/em>Ne nuk i njohim<\/p>\n<p>&nbsp;<\/p>\n","protected":false},"excerpt":{"rendered":"<p>Analisti Arjan Curri dhe Jozefina Topalli, jan\u00eb p\u00ebrfshir\u00eb n\u00eb nj\u00eb debat, teksa diskutohej lidhur me zgjedhjet e 25 Prillit. \u201cK\u00ebta duhet t\u00eb largohen\u201d, shprehet Jozefina Topalli, duke iu referuar emrave kryesor n\u00eb politik\u00ebn shqiptare. Por deklarat\u00ebs s\u00eb saj, Arjan Curri nd\u00ebrhyri duke th\u00ebn\u00eb s\u2019e edhe Topalli, duhet t\u00eb largohet bashk\u00eb me ta. Gjat\u00eb debatit mes [&hellip;]<\/p>\n","protected":false},"author":2016,"featured_media":174010,"comment_status":"closed","ping_status":"closed","sticky":false,"template":"","format":"standard","meta":{"footnotes":""},"categories":[241],"tags":[2065],"class_list":{"0":"post-174008","1":"post","2":"type-post","3":"status-publish","4":"format-standard","5":"has-post-thumbnail","7":"category-aktualitet","8":"tag-lajme-zjarr-debat-mes-topallit-dhe-arjan-currit-zjarr-tv"},"_links":{"self":[{"href":"https:\/\/zjarr.tv\/sq\/wp-json\/wp\/v2\/posts\/174008","targetHints":{"allow":["GET"]}}],"collection":[{"href":"https:\/\/zjarr.tv\/sq\/wp-json\/wp\/v2\/posts"}],"about":[{"href":"https:\/\/zjarr.tv\/sq\/wp-json\/wp\/v2\/types\/post"}],"author":[{"embeddable":true,"href":"https:\/\/zjarr.tv\/sq\/wp-json\/wp\/v2\/users\/2016"}],"replies":[{"embeddable":true,"href":"https:\/\/zjarr.tv\/sq\/wp-json\/wp\/v2\/comments?post=174008"}],"version-history":[{"count":0,"href":"https:\/\/zjarr.tv\/sq\/wp-json\/wp\/v2\/posts\/174008\/revisions"}],"wp:featuredmedia":[{"embeddable":true,"href":"https:\/\/zjarr.tv\/sq\/wp-json\/wp\/v2\/media\/174010"}],"wp:attachment":[{"href":"https:\/\/zjarr.tv\/sq\/wp-json\/wp\/v2\/media?parent=174008"}],"wp:term":[{"taxonomy":"category","embeddable":true,"href":"https:\/\/zjarr.tv\/sq\/wp-json\/wp\/v2\/categories?post=174008"},{"taxonomy":"post_tag","embeddable":true,"href":"https:\/\/zjarr.tv\/sq\/wp-json\/wp\/v2\/tags?post=174008"}],"curies":[{"name":"wp","href":"https:\/\/api.w.org\/{rel}","templated":true}]}}