{"id":174012,"date":"2021-04-02T09:18:13","date_gmt":"2021-04-02T07:18:13","guid":{"rendered":"https:\/\/zjarr.tv\/?p=174012"},"modified":"2021-04-02T09:18:53","modified_gmt":"2021-04-02T07:18:53","slug":"plas-debati-mes-artur-zhejit-dhe-jozefina-topallit-zheji-topallit-levizja-juaj-con-uje-ne-mullirin-e-te-gjatit","status":"publish","type":"post","link":"https:\/\/zjarr.tv\/sq\/plas-debati-mes-artur-zhejit-dhe-jozefina-topallit-zheji-topallit-levizja-juaj-con-uje-ne-mullirin-e-te-gjatit\/","title":{"rendered":"Plas debati mes Artur Zhejit dhe Jozefina Topallit\/ Zheji Topallit: L\u00ebvizja juaj \u00e7on uj\u00eb n\u00eb mullirin e t\u00eb gjatit\u2026"},"content":{"rendered":"<p>Jozefina Topalli, ka qen\u00eb e ftuar n\u00eb emisionin \u201cT\u00eb Paekspozuarit\u201d, ku foli p\u00ebr projektin e saj t\u00eb ri politik \u201cL\u00ebvizja p\u00ebr Ndryshim\u201d.<\/p>\n<p>N\u00eb studio pati debat mes t\u00eb ftuarve, lidhur me q\u00ebllimet e krijimit t\u00eb k\u00ebsaj force politike, pak muaj p\u00ebrpara zgjedhjeve.<\/p>\n<p>Pjes\u00eb nga biseda:<\/p>\n<p>Artur Zheji: Do t\u00eb doja t\u00eb b\u00ebja nj\u00eb koment, dhe t\u00eb ngre nj\u00eb pik\u00ebpyetje. Ju that\u00eb q\u00eb arsyeja q\u00eb keni dal\u00eb \u00ebsht\u00eb se tre veta kan\u00eb monopolizuar sken\u00ebn politike. Basha, Rama dhe Meta. Nuk e di t\u00eb ket\u00eb ndryshuar gj\u00eb. N\u00ebse do t\u00eb heqim emrin e Bash\u00ebs dhe t\u00eb v\u00ebm\u00eb Berish\u00ebn, ka qen\u00eb Berisha, Nano, Meta.<\/p>\n<p>Pra, tre polarizime. Un\u00eb them se kjo nuk q\u00ebndron, sepse ju keni qen\u00eb n\u00eb pushtet kur spektri ka qen\u00eb trepolar. Kjo nuk q\u00ebndron, sepse logjikisht, ne kemi nj\u00eb kontribut t\u00eb Met\u00ebs, q\u00eb gjeti nj\u00eb politik\u00eb dy polare dhe u b\u00eb trepolare me LSI-n\u00eb. Nuk ka ndryshuar gj\u00eb. N\u00ebse ju doni ta b\u00ebni me 4-5 pole, \u00ebsht\u00eb gj\u00eb tjet\u00ebr.<\/p>\n<p>Jozefina Topalli: Jam duke folur q\u00eb nga tre forca politike, kemi kaluar n\u00eb dy kryetar\u00eb, tre kryetar\u00eb. Q\u00eb ka sken\u00eb politik\u00eb trepolare, nuk ka asgj\u00eb, ka n\u00eb shum\u00eb vende, trepolare, kat\u00ebrpolare\u2026 Nuk kam pse t\u00eb diskutoj.<\/p>\n<p>Fola p\u00ebr delegjitimim t\u00eb forcave politike. Kishte tre forca politike dhe k\u00ebto jan\u00eb reduktuar n\u00eb tre persona. K\u00ebta tre kryetar\u00eb, nj\u00eblloj t\u00eb tre, nuk mbledhin forume. N\u00eb forumet e tyre nuk ka debate. Kur b\u00ebhen votime nuk ka vot\u00eb t\u00eb lir\u00eb.<\/p>\n<p>Artur Zheji: Kontributi juaj politik n\u00eb k\u00ebt\u00eb moment zgjedhor, \u00e7on ujin n\u00eb mullirin e mullixhiut t\u00eb gjat\u00eb\u2026<\/p>\n<p>Topalli: Nuk ndodh n\u00eb vende t\u00eb civilizuara. Kur krijohet nj\u00eb forc\u00eb politike, t\u00eb thuhet se i sh\u00ebrben pal\u00ebs tjet\u00ebr. As Beppe Grillo nuk i ka sh\u00ebrbyer Berlusconit\u2026<\/p>\n<p>Artur Zheji: \u00cbsht\u00eb sikur ju t\u00eb merrni vota dhe pastaj t\u2019i \u00e7oni tek Rama.<\/p>\n<p>&nbsp;<\/p>\n","protected":false},"excerpt":{"rendered":"<p>Jozefina Topalli, ka qen\u00eb e ftuar n\u00eb emisionin \u201cT\u00eb Paekspozuarit\u201d, ku foli p\u00ebr projektin e saj t\u00eb ri politik \u201cL\u00ebvizja p\u00ebr Ndryshim\u201d. N\u00eb studio pati debat mes t\u00eb ftuarve, lidhur me q\u00ebllimet e krijimit t\u00eb k\u00ebsaj force politike, pak muaj p\u00ebrpara zgjedhjeve. Pjes\u00eb nga biseda: Artur Zheji: Do t\u00eb doja t\u00eb b\u00ebja nj\u00eb koment, dhe [&hellip;]<\/p>\n","protected":false},"author":2016,"featured_media":174014,"comment_status":"closed","ping_status":"closed","sticky":false,"template":"","format":"standard","meta":{"footnotes":""},"categories":[241,1454],"tags":[2066],"class_list":{"0":"post-174012","1":"post","2":"type-post","3":"status-publish","4":"format-standard","5":"has-post-thumbnail","7":"category-aktualitet","8":"category-politike","9":"tag-lajme-zjarr-debati-mes-zhejit-dhe-topallit-zjarr-tv"},"_links":{"self":[{"href":"https:\/\/zjarr.tv\/sq\/wp-json\/wp\/v2\/posts\/174012","targetHints":{"allow":["GET"]}}],"collection":[{"href":"https:\/\/zjarr.tv\/sq\/wp-json\/wp\/v2\/posts"}],"about":[{"href":"https:\/\/zjarr.tv\/sq\/wp-json\/wp\/v2\/types\/post"}],"author":[{"embeddable":true,"href":"https:\/\/zjarr.tv\/sq\/wp-json\/wp\/v2\/users\/2016"}],"replies":[{"embeddable":true,"href":"https:\/\/zjarr.tv\/sq\/wp-json\/wp\/v2\/comments?post=174012"}],"version-history":[{"count":0,"href":"https:\/\/zjarr.tv\/sq\/wp-json\/wp\/v2\/posts\/174012\/revisions"}],"wp:featuredmedia":[{"embeddable":true,"href":"https:\/\/zjarr.tv\/sq\/wp-json\/wp\/v2\/media\/174014"}],"wp:attachment":[{"href":"https:\/\/zjarr.tv\/sq\/wp-json\/wp\/v2\/media?parent=174012"}],"wp:term":[{"taxonomy":"category","embeddable":true,"href":"https:\/\/zjarr.tv\/sq\/wp-json\/wp\/v2\/categories?post=174012"},{"taxonomy":"post_tag","embeddable":true,"href":"https:\/\/zjarr.tv\/sq\/wp-json\/wp\/v2\/tags?post=174012"}],"curies":[{"name":"wp","href":"https:\/\/api.w.org\/{rel}","templated":true}]}}