{"id":174015,"date":"2021-04-02T09:32:28","date_gmt":"2021-04-02T07:32:28","guid":{"rendered":"https:\/\/zjarr.tv\/?p=174015"},"modified":"2021-04-02T09:33:00","modified_gmt":"2021-04-02T07:33:00","slug":"elisa-spiropali-me-25-prill-sdo-guxojne-te-vjedhin-voten-se-i-pret-burgu-ne-do-ta-mbrojme-permes-ligjeve-te-forta","status":"publish","type":"post","link":"https:\/\/zjarr.tv\/sq\/elisa-spiropali-me-25-prill-sdo-guxojne-te-vjedhin-voten-se-i-pret-burgu-ne-do-ta-mbrojme-permes-ligjeve-te-forta\/","title":{"rendered":"Elisa Spiropali: M\u00eb 25 Prill s\u2019do guxojn\u00eb t\u00eb vjedhin vot\u00ebn se i pret burgu, ne do ta mbrojm\u00eb p\u00ebrmes ligjeve t\u00eb forta\u2026"},"content":{"rendered":"<p>Kandidatja e PS-s\u00eb n\u00eb Tiran\u00eb, Elisa Spiropali, foli p\u00ebr\u00a0Ne\u00ebs24, se n\u00eb zgjedhjet e 25 Prillit, nuk do t\u00eb guxoj\u00eb asnj\u00eb parti t\u00eb blej\u00eb votat, pasi sipas saj, PS do ta mbroj\u00eb vot\u00ebn e qytetar\u00ebve n\u00ebp\u00ebrmjet ligjeve t\u00eb forta.<\/p>\n<p>Sipas \u00a0Spiropalit, LSI \u00ebsht\u00eb partia kampione, q\u00eb n\u00eb gjith\u00eb k\u00ebto vite e ka bazuar gjith\u00eb strategjin\u00eb e saj te blerja e varf\u00ebris\u00eb.<\/p>\n<p>\u201cPS nuk ka bler\u00eb ndonj\u00ebher\u00eb vot\u00ebn e qytetar\u00ebve. Ne e bazojm\u00eb forc\u00ebn ton\u00eb elektorale tek idet\u00eb tona, te pun\u00ebt q\u00eb kemi kryer, tek ideologjia, etj. Nuk e besojm\u00eb ne te vjedhja e vot\u00ebs.<\/p>\n<p>Dhe \u00e7\u2019\u00ebsht\u00eb e drejta as PD nuk \u00ebsht\u00eb shquar p\u00ebr k\u00ebt\u00eb. E para \u00ebsht\u00eb LSI, \u00ebsht\u00eb kampione. T\u00eb gjith\u00eb strategjin\u00eb e saj elektorale n\u00eb vite e ka bazuar te blerja e varf\u00ebris\u00eb, gjetja e eksponent\u00ebve q\u00eb mund t\u2019i ofroj\u00eb p\u00ebrmes lloj-lloj formash ryshfeti, etj.<\/p>\n<p>Ne do ta mbrojm\u00eb vot\u00ebn p\u00ebrmes ligjeve t\u00eb forta. Nuk besoj se ka njeri aq t\u00eb marr\u00eb, q\u00eb t\u00eb shkoj\u00eb n\u00eb burg. Nuk guxon njeri, kur nuk e mbron askush, t\u00eb shkoj\u00eb n\u00eb burg\u201d, tha Spiropali.<\/p>\n<p>M\u00eb tej, Spiropali p\u00ebrmendi kreun e PD, Lulzim Bash\u00ebn, duke th\u00ebn\u00eb se ai nuk mund t\u00eb ndaloj\u00eb korrupsionin, kur sipas saj, \u00ebsht\u00eb vet\u00eb i zhytur.<\/p>\n<p>\u201cLulzim Basha e ka t\u00eb kot\u00eb kur flet p\u00ebr an\u00ebtar\u00ebsimin n\u00eb BE, sepse jemi n\u00eb fushat\u00eb. K\u00ebto sloganet e tij ting\u00ebllojn\u00eb t\u00eb lodhura, pasi ai e ka treguar me fakte se c\u2019b\u00ebn partia e tij p\u00ebr t\u00eb bllokuar procesin e integrimit.<\/p>\n<p>I gjith\u00eb programi i PD \u00ebsht\u00eb i bazuar te kap \u00e7\u2019t\u00eb kap\u00ebsh, g\u00ebnje k\u00eb t\u00eb g\u00ebnjesh, t\u00eb marr\u00ebsh ndonj\u00eb vot\u00eb, se ndryshe na nxjerrin nga partia. As metafora e \u2018detit kos\u2019 nuk funksionon k\u00ebtu.<\/p>\n<p>Ky do ul\u00eb t\u00eb gjitha taksat dhe do rris\u00eb pagat, kontributet, pensionet etj. Do ndal\u00eb korrupsionin ai q\u00eb vet\u00ebm gishtin e ka jasht\u00eb, sepse gjith\u00eb trupin e ka brenda. Ky i t\u00ebri ka qen\u00eb i zhytur n\u00eb korrupsion. Ky \u00ebsht\u00eb ministri i Rrug\u00ebs s\u00eb Kombit, q\u00eb s\u2019u p\u00ebrgjigj kurr\u00eb.\u201d, u shpreh ministrja.<\/p>\n<p>&nbsp;<\/p>\n<p>&nbsp;<\/p>\n<p>&nbsp;<\/p>\n","protected":false},"excerpt":{"rendered":"<p>Kandidatja e PS-s\u00eb n\u00eb Tiran\u00eb, Elisa Spiropali, foli p\u00ebr\u00a0Ne\u00ebs24, se n\u00eb zgjedhjet e 25 Prillit, nuk do t\u00eb guxoj\u00eb asnj\u00eb parti t\u00eb blej\u00eb votat, pasi sipas saj, PS do ta mbroj\u00eb vot\u00ebn e qytetar\u00ebve n\u00ebp\u00ebrmjet ligjeve t\u00eb forta. Sipas \u00a0Spiropalit, LSI \u00ebsht\u00eb partia kampione, q\u00eb n\u00eb gjith\u00eb k\u00ebto vite e ka bazuar gjith\u00eb strategjin\u00eb e [&hellip;]<\/p>\n","protected":false},"author":2016,"featured_media":174017,"comment_status":"closed","ping_status":"closed","sticky":false,"template":"","format":"standard","meta":{"footnotes":""},"categories":[241,1454],"tags":[2067],"class_list":{"0":"post-174015","1":"post","2":"type-post","3":"status-publish","4":"format-standard","5":"has-post-thumbnail","7":"category-aktualitet","8":"category-politike","9":"tag-lajme-zjarr-spiropali-ne-do-ta-mbrojme-voten-zjarr-tv"},"_links":{"self":[{"href":"https:\/\/zjarr.tv\/sq\/wp-json\/wp\/v2\/posts\/174015","targetHints":{"allow":["GET"]}}],"collection":[{"href":"https:\/\/zjarr.tv\/sq\/wp-json\/wp\/v2\/posts"}],"about":[{"href":"https:\/\/zjarr.tv\/sq\/wp-json\/wp\/v2\/types\/post"}],"author":[{"embeddable":true,"href":"https:\/\/zjarr.tv\/sq\/wp-json\/wp\/v2\/users\/2016"}],"replies":[{"embeddable":true,"href":"https:\/\/zjarr.tv\/sq\/wp-json\/wp\/v2\/comments?post=174015"}],"version-history":[{"count":0,"href":"https:\/\/zjarr.tv\/sq\/wp-json\/wp\/v2\/posts\/174015\/revisions"}],"wp:featuredmedia":[{"embeddable":true,"href":"https:\/\/zjarr.tv\/sq\/wp-json\/wp\/v2\/media\/174017"}],"wp:attachment":[{"href":"https:\/\/zjarr.tv\/sq\/wp-json\/wp\/v2\/media?parent=174015"}],"wp:term":[{"taxonomy":"category","embeddable":true,"href":"https:\/\/zjarr.tv\/sq\/wp-json\/wp\/v2\/categories?post=174015"},{"taxonomy":"post_tag","embeddable":true,"href":"https:\/\/zjarr.tv\/sq\/wp-json\/wp\/v2\/tags?post=174015"}],"curies":[{"name":"wp","href":"https:\/\/api.w.org\/{rel}","templated":true}]}}