{"id":174019,"date":"2021-04-02T09:47:20","date_gmt":"2021-04-02T07:47:20","guid":{"rendered":"https:\/\/zjarr.tv\/?p=174019"},"modified":"2021-04-02T09:47:42","modified_gmt":"2021-04-02T07:47:42","slug":"arben-ahmetaj-jam-gomari-qe-sduhet-pare-nga-veshet-kemi-ministre-me-rekorde-suksesi-kemi-belinda-ballukun-ogerta-manastirliun-dhe-zonja-e-zoterinj-dinjitoze","status":"publish","type":"post","link":"https:\/\/zjarr.tv\/sq\/arben-ahmetaj-jam-gomari-qe-sduhet-pare-nga-veshet-kemi-ministre-me-rekorde-suksesi-kemi-belinda-ballukun-ogerta-manastirliun-dhe-zonja-e-zoterinj-dinjitoze\/","title":{"rendered":"Arben Ahmetaj: Jam gomari q\u00eb s\u2019duhet par\u00eb nga vesh\u00ebt, kemi Ministre me rekorde suksesi, kemi Belinda Ballukun, Ogerta Manastirliun dhe zonja e zot\u00ebrinj dinjitoz\u00eb\u2026"},"content":{"rendered":"<p>Ministri i Rind\u00ebrtimit Arben Ahmetaj, ishte i ftuar n\u00eb emisionin \u201cReal Story\u201d n\u00eb \u201cNe\u00ebs 24\u201d, ku ka edhe folur p\u00ebr list\u00ebn e PS-s\u00eb n\u00eb Tiran\u00eb, q\u00eb deklaroi se Partia Socialiste ka Ministre, q\u00eb jan\u00eb me rekorde suksesi.<\/p>\n<p>Ahmetaj deklaroi se \u00ebsht\u00eb \u201cgomari tjet\u00ebr q\u00eb nuk duhet par\u00eb nga vesh\u00ebt\u201d, duke shtuar se ai dhe miqt\u00eb e tij n\u00eb PS, po b\u00ebjn\u00eb t\u00eb pamundur\u00ebn q\u00eb kjo forc\u00eb politike, t\u00eb fitoj\u00eb nj\u00eb mandat t\u00eb tret\u00eb.<\/p>\n<p>\u201cZgjedhjet jan\u00eb p\u00eblqyeshm\u00ebria ose jo me vullnetin e qytetar\u00ebve. Tirana \u00ebsht\u00eb nj\u00eb sfid\u00eb. Erjoni po b\u00ebn pun\u00eb t\u00eb shk\u00eblqyer si drejtues politik dhe motivuese. Lista e PS n\u00eb Tiran\u00eb \u00ebsht\u00eb dinjitoze. Kemi ministre me rekorde suksesi t\u00eb prekshme dhe qytetar\u00ebt do vler\u00ebsojn\u00eb pun\u00ebn. Kemi Belinda Ballukun, Ogerta Manastirliun dhe zonja e zot\u00ebrinj dinjitoz.<\/p>\n<p>Qytetar\u00ebt shohin pun\u00ebn. Ne t\u00eb gjith\u00eb luftojm\u00eb p\u00ebr PS-n\u00eb. E meritojm\u00eb mandatin e tret\u00eb. Jam gomari tjet\u00ebr q\u00eb s\u2019duhet par\u00eb nga vesh\u00ebt. \u00a0PS duhet q\u00eb t\u00eb votohet p\u00ebr reform\u00ebn n\u00eb drejt\u00ebsi, rind\u00ebrtimin, infrastruktur\u00ebn, pandemin\u00eb, pun\u00ebn e pakursyer. Ne b\u00ebjm\u00eb edhe gabime, por kush punon, edhe gabon. Por ne punojm\u00eb p\u00ebr qytetar\u00ebt dhe do vazhdojm\u00eb ta b\u00ebjm\u00eb\u201d, u shpreh Ahmetaj.<\/p>\n<p>&nbsp;<\/p>\n","protected":false},"excerpt":{"rendered":"<p>Ministri i Rind\u00ebrtimit Arben Ahmetaj, ishte i ftuar n\u00eb emisionin \u201cReal Story\u201d n\u00eb \u201cNe\u00ebs 24\u201d, ku ka edhe folur p\u00ebr list\u00ebn e PS-s\u00eb n\u00eb Tiran\u00eb, q\u00eb deklaroi se Partia Socialiste ka Ministre, q\u00eb jan\u00eb me rekorde suksesi. Ahmetaj deklaroi se \u00ebsht\u00eb \u201cgomari tjet\u00ebr q\u00eb nuk duhet par\u00eb nga vesh\u00ebt\u201d, duke shtuar se ai dhe miqt\u00eb [&hellip;]<\/p>\n","protected":false},"author":2016,"featured_media":174021,"comment_status":"closed","ping_status":"closed","sticky":false,"template":"","format":"standard","meta":{"footnotes":""},"categories":[241],"tags":[2068],"class_list":{"0":"post-174019","1":"post","2":"type-post","3":"status-publish","4":"format-standard","5":"has-post-thumbnail","7":"category-aktualitet","8":"tag-lajme-zjarr-ahmetaj-jam-gomari-qe-sduhet-pare-nga-veshet-zjarr-tv"},"_links":{"self":[{"href":"https:\/\/zjarr.tv\/sq\/wp-json\/wp\/v2\/posts\/174019","targetHints":{"allow":["GET"]}}],"collection":[{"href":"https:\/\/zjarr.tv\/sq\/wp-json\/wp\/v2\/posts"}],"about":[{"href":"https:\/\/zjarr.tv\/sq\/wp-json\/wp\/v2\/types\/post"}],"author":[{"embeddable":true,"href":"https:\/\/zjarr.tv\/sq\/wp-json\/wp\/v2\/users\/2016"}],"replies":[{"embeddable":true,"href":"https:\/\/zjarr.tv\/sq\/wp-json\/wp\/v2\/comments?post=174019"}],"version-history":[{"count":0,"href":"https:\/\/zjarr.tv\/sq\/wp-json\/wp\/v2\/posts\/174019\/revisions"}],"wp:featuredmedia":[{"embeddable":true,"href":"https:\/\/zjarr.tv\/sq\/wp-json\/wp\/v2\/media\/174021"}],"wp:attachment":[{"href":"https:\/\/zjarr.tv\/sq\/wp-json\/wp\/v2\/media?parent=174019"}],"wp:term":[{"taxonomy":"category","embeddable":true,"href":"https:\/\/zjarr.tv\/sq\/wp-json\/wp\/v2\/categories?post=174019"},{"taxonomy":"post_tag","embeddable":true,"href":"https:\/\/zjarr.tv\/sq\/wp-json\/wp\/v2\/tags?post=174019"}],"curies":[{"name":"wp","href":"https:\/\/api.w.org\/{rel}","templated":true}]}}