{"id":174023,"date":"2021-04-02T10:02:32","date_gmt":"2021-04-02T08:02:32","guid":{"rendered":"https:\/\/zjarr.tv\/?p=174023"},"modified":"2021-04-02T10:02:55","modified_gmt":"2021-04-02T08:02:55","slug":"nuk-permbahet-bledi-cuci-duam-mandatin-e-trete-por-edhe-te-katertin-ne-do-te-thyejme-mitin-ne-shqiperi","status":"publish","type":"post","link":"https:\/\/zjarr.tv\/sq\/nuk-permbahet-bledi-cuci-duam-mandatin-e-trete-por-edhe-te-katertin-ne-do-te-thyejme-mitin-ne-shqiperi\/","title":{"rendered":"Nuk p\u00ebrmbahet Bledi \u00c7u\u00e7i: Duam mandatin e tret\u00eb, por edhe t\u00eb kat\u00ebrtin, ne do t\u00eb thyejm\u00eb mitin n\u00eb Shqip\u00ebri\u2026"},"content":{"rendered":"<p>Ministri i Brendsh\u00ebm Bledi \u00c7u\u00e7i, ka prezantuar kandidat\u00ebt p\u00ebr deputet\u00eb, n\u00eb gar\u00ebn elektorale t\u00eb 25 Prillit.<\/p>\n<p>Gjat\u00eb fjal\u00ebs s\u00eb tij, \u00c7u\u00e7i tha s\u2019e Partia Socialiste, do ta fitoj\u00eb mandatin e tret\u00eb qeveris\u00ebs edhe p\u00ebr t\u00eb thyer nj\u00eb mit se n\u00eb Shqip\u00ebri, s\u2019ka forc\u00eb politike q\u00eb qeveris m\u00eb shum\u00eb se dy mandate.<\/p>\n<p>\u201c<em>Ne shkojm\u00eb me kok\u00ebn lart n\u00eb k\u00ebrkimin e mandatit t\u00eb tret\u00eb t\u00eb Partis\u00eb Socialiste te shqiptar\u00ebt. Pavar\u00ebsisht se kemi dy mandate n\u00eb qeverisje ne jemi m\u00eb t\u00eb fresk\u00ebt se kurr\u00eb dhe m\u00eb t\u00eb d\u00ebshiruar se kurr\u00eb nga shqiptar\u00ebt p\u00ebr nj\u00eb mandat t\u00eb tret\u00eb. <\/em><\/p>\n<p><em>Do ta fitojm\u00eb mandatin e tret\u00eb p\u00ebr t\u00eb thyer edhe nj\u00eb mit q\u00eb n\u00eb Shqip\u00ebri nuk mund t\u00eb ket\u00eb forc\u00eb politike qe qeveris m\u00eb shum\u00eb se dy mandate. Kemi p\u00ebr t\u00eb qen\u00eb shum\u00eb bind\u00ebs p\u00ebr t\u2019i k\u00ebrkuar vot\u00ebn n\u00eb dat\u00ebn 25 prill shqiptar\u00ebve pik\u00ebrisht p\u00ebr k\u00ebt\u00eb transformim historik q\u00eb ka filluar t\u00eb p\u00ebsoj\u00eb Shqip\u00ebria n\u00eb k\u00ebto vite. <\/em><\/p>\n<p><em>P\u00ebr faktin se kemi ende shum\u00eb rrug\u00eb p\u00ebr t\u00eb b\u00ebr\u00eb na duhet edhe nj\u00eb mandat i tret\u00eb qeveris\u00ebs e ndoshta pastaj, padiskutim edhe mandati i kat\u00ebrt n\u00ebse justifikojm\u00eb besimin e shqiptar\u00ebve her\u00ebn e tret\u00eb<\/em>\u201d, tha \u00c7u\u00e7i.<\/p>\n<p>\u201c<em>Nga t\u00eb gjitha sondazhet e b\u00ebra deri m\u00eb tani, madje edhe nga ato sondazhe q\u00eb jan\u00eb b\u00ebr\u00eb nga opozita, rezulton se Partia Socialiste \u00ebsht\u00eb forca politike fituese n\u00eb zgjedhjet e 25 prillit. <\/em><\/p>\n<p><em>Kjo nuk ka diskutim, nuk ka diskutim. Sigurisht sepse e kemi t\u00eb merituar. Por ne duhet t\u00eb punojm\u00eb fort, t\u00eb k\u00ebrkojm\u00eb \u00e7do vot\u00eb n\u00eb k\u00ebto dit\u00eb t\u00eb mbetura deri n\u00eb zgjedhjet e 25 prillit, t\u00eb nxjerrim \u00e7do njeri p\u00ebr t\u00eb votuar p\u00ebr Partin\u00eb Socialiste, \u00e7do mik, \u00e7do familjar e koleg n\u00eb pun\u00eb sepse na duhet t\u00eb fitojm\u00eb dhe t\u00eb jemi t\u00eb vet\u00ebm n\u00eb qeverisjen e Shqip\u00ebris\u00eb ashtu si\u00e7 kemi b\u00ebr\u00eb keto 4 vitet e fundit. <\/em><\/p>\n<p><em>Kemi treguar para shqiptar\u00ebve q\u00eb jemi partia e vetme q\u00eb mund ta transformojm\u00eb Shqip\u00ebrin\u00eb n\u00eb nj\u00eb vend t\u00eb denj\u00eb p\u00ebr t\u00eb qen\u00eb pjes\u00eb e Bashkimit Europian<\/em>\u201d tha m\u00eb tej ai. Kujtom\u00eb q\u00eb, Bledi \u00c7u\u00e7i \u00ebsht\u00eb i treti n\u00eb list\u00ebn e socialist\u00ebve, n\u00eb Qarkun Gjirokast\u00ebr.<\/p>\n<p>&nbsp;<\/p>\n","protected":false},"excerpt":{"rendered":"<p>Ministri i Brendsh\u00ebm Bledi \u00c7u\u00e7i, ka prezantuar kandidat\u00ebt p\u00ebr deputet\u00eb, n\u00eb gar\u00ebn elektorale t\u00eb 25 Prillit. Gjat\u00eb fjal\u00ebs s\u00eb tij, \u00c7u\u00e7i tha s\u2019e Partia Socialiste, do ta fitoj\u00eb mandatin e tret\u00eb qeveris\u00ebs edhe p\u00ebr t\u00eb thyer nj\u00eb mit se n\u00eb Shqip\u00ebri, s\u2019ka forc\u00eb politike q\u00eb qeveris m\u00eb shum\u00eb se dy mandate. \u201cNe shkojm\u00eb me kok\u00ebn [&hellip;]<\/p>\n","protected":false},"author":2016,"featured_media":174027,"comment_status":"closed","ping_status":"closed","sticky":false,"template":"","format":"standard","meta":{"footnotes":""},"categories":[241,1454],"tags":[2069],"class_list":{"0":"post-174023","1":"post","2":"type-post","3":"status-publish","4":"format-standard","5":"has-post-thumbnail","7":"category-aktualitet","8":"category-politike","9":"tag-lajme-zjarr-cuci-duam-mandatin-e-trete-zjarr-tv"},"_links":{"self":[{"href":"https:\/\/zjarr.tv\/sq\/wp-json\/wp\/v2\/posts\/174023","targetHints":{"allow":["GET"]}}],"collection":[{"href":"https:\/\/zjarr.tv\/sq\/wp-json\/wp\/v2\/posts"}],"about":[{"href":"https:\/\/zjarr.tv\/sq\/wp-json\/wp\/v2\/types\/post"}],"author":[{"embeddable":true,"href":"https:\/\/zjarr.tv\/sq\/wp-json\/wp\/v2\/users\/2016"}],"replies":[{"embeddable":true,"href":"https:\/\/zjarr.tv\/sq\/wp-json\/wp\/v2\/comments?post=174023"}],"version-history":[{"count":0,"href":"https:\/\/zjarr.tv\/sq\/wp-json\/wp\/v2\/posts\/174023\/revisions"}],"wp:featuredmedia":[{"embeddable":true,"href":"https:\/\/zjarr.tv\/sq\/wp-json\/wp\/v2\/media\/174027"}],"wp:attachment":[{"href":"https:\/\/zjarr.tv\/sq\/wp-json\/wp\/v2\/media?parent=174023"}],"wp:term":[{"taxonomy":"category","embeddable":true,"href":"https:\/\/zjarr.tv\/sq\/wp-json\/wp\/v2\/categories?post=174023"},{"taxonomy":"post_tag","embeddable":true,"href":"https:\/\/zjarr.tv\/sq\/wp-json\/wp\/v2\/tags?post=174023"}],"curies":[{"name":"wp","href":"https:\/\/api.w.org\/{rel}","templated":true}]}}