{"id":174029,"date":"2021-04-02T10:17:36","date_gmt":"2021-04-02T08:17:36","guid":{"rendered":"https:\/\/zjarr.tv\/?p=174029"},"modified":"2021-04-02T10:17:57","modified_gmt":"2021-04-02T08:17:57","slug":"ylli-manjani-cfare-ndodh-nese-edi-rama-konfirmohet-ne-pushtet","status":"publish","type":"post","link":"https:\/\/zjarr.tv\/sq\/ylli-manjani-cfare-ndodh-nese-edi-rama-konfirmohet-ne-pushtet\/","title":{"rendered":"Ylli Manjani: \u00c7far\u00eb ndodh n\u00ebse Edi Rama konfirmohet n\u00eb pushtet?"},"content":{"rendered":"<p>Nga Ylli Manjani<\/p>\n<p>N\u00ebse\u2026<\/p>\n<p>Nuk besoj se do ndodh\u00eb, por dua t\u00eb them se po ndodhi, pra q\u00eb Edi Rama t\u00eb konfirmohet n\u00eb pushtet pas k\u00ebtyre zgjedhjeve, e konsideroj skenarin m\u00eb t\u00eb keq t\u00eb mundsh\u00ebm.<\/p>\n<p>Konfirmimi e tij n\u00eb pushtet, n\u00eb kushtet kur s\u2019ka l\u00ebn\u00eb gj\u00eb pa b\u00ebr\u00eb dhe tani n\u00eb fund shfaqet si gomar q\u00eb shet vaksina pasi ka terrorizuar njer\u00ebzit me t\u00eb drejt\u00ebn e tyre p\u00ebr t\u00eb jetuar, do ishte katastrof\u00eb politike, demokratike, ekonomike e shtet\u00ebrore.<\/p>\n<p>Ja disa pasoja q\u00eb mund t\u00eb vinin nga qelbja n\u00eb pushtet i k\u00ebtij njeriu (q\u00eb e quan veten gomar):<\/p>\n<p>Opozita politike shk\u00ebrmoqet n\u00eb kuptimin organizativ dhe politik. Ideja e t\u00eb b\u00ebrit opozit\u00eb merr goditje fatale. Mund t\u00eb rrigrupohen disa opozitar\u00eb t\u00eb mbetur n\u00eb parti t\u00eb pa r\u00ebnd\u00ebsishme elektorale, aspak frym\u00ebzuese dhe shum\u00eb larg p\u00ebr sup\u00ebr pushtetin e Ram\u00ebs.<\/p>\n<p>Rama merr super xhiro t\u00eb frikshme sepse merr nj\u00eb pushtet kur ska l\u00ebn\u00eb gj\u00eb pa i b\u00ebr\u00eb k\u00ebtij mileti dhe ky i fundit e voton prap. Super legjitim p\u00ebr t\u2019u sjell\u00eb si baba q\u00eb ja b\u00ebn n\u00ebn\u00ebn k\u00ebtij vendi.<\/p>\n<p>Parlamenti vijon i katandisur keq e m\u00eb keq pasi deputet\u00ebt fillojn\u00eb t\u00eb shiten e blihen nga Rama sipas hallit t\u00eb dit\u00ebs. Shihni parlamentin e sot\u00ebm p\u00ebr referenc\u00eb.<\/p>\n<p>Sistemi politik n\u00eb vend merr pamje Ruso-Trurke. T\u00eb drejtat dhe lirit\u00eb themelore jan\u00eb subjekt i vendmimarrjes t\u00eb sundimtarit.<\/p>\n<p>P\u00ebr pasoj\u00eb Europa dhe demokracia do na ngjajn\u00eb gjithnj\u00eb e m\u00eb shum\u00eb si iluzione. Si nj\u00eb end\u00ebrr q\u00eb e jetuam p\u00ebrkoh\u00ebsisht.<\/p>\n<p>Ata t\u00eb partive t\u00eb tjera q\u00eb i sh\u00ebrbyen Edi Ram\u00ebs n\u00eb k\u00ebt\u00eb gormall\u00ebk elektoral, do ta han\u00eb si armiq t\u00eb pagdhendur. Do p\u00ebrfundojn\u00eb si l\u00ebkura limoni t\u00eb shtrydhur. Disa madje mund t\u00eb sh\u00ebrbejn\u00eb edhe si raste model t\u00eb d\u00ebnimit nga SPAK. K\u00ebshtu kalon dhe kriza e reform\u00ebs n\u00eb drejt\u00ebsi\u2026<\/p>\n<p>Biznesmen\u00ebt q\u00eb sot i shkojn\u00eb nga pas do fillojn\u00eb t\u00eb ndjehen t\u00eb larguar, t\u00eb p\u00ebrdorur dhe m\u00eb n\u00eb fund t\u00eb d\u00ebmtuar sepse nuk ka e ska p\u00ebr t\u00eb patur m\u00eb pla\u00e7k\u00eb elekktorale t\u00eb mjaftueshme p\u00ebr t\u00eb ndar\u00eb.<\/p>\n<p>Mjer kur ka prer\u00eb fatura p\u00ebr sh\u00ebrbime publike q\u00eb ka fituar me tendera apo koncensione!<\/p>\n<p>Zgjedhjet e lira marrin fund si koncept. Do ket\u00eb vet\u00ebm votime formale sepse fitues do jet\u00eb gjithmon\u00eb Ai\u2026 Kujtoj se n\u00eb votimet e ardhshme opozita nuk ka m\u00eb asnj\u00eb rol p\u00ebr t\u00eb luajtur n\u00eb menaxhim zgjedhor. Komisionet zgjedhore i b\u00ebn qeveria me t\u00eb pun\u00ebsuarit n\u00eb shtet\u2026<\/p>\n<p>P\u00ebr shtet t\u00eb paansh\u00ebm as q\u00eb b\u00ebhet fjal\u00eb. Do ket\u00eb vet\u00ebm pushtet ekstrem e absolut q\u00eb do ti sh\u00ebrbej\u00eb vet\u00ebm atyre q\u00eb e duan, q\u00eb s\u2019hapin goj\u00eb, q\u00eb s\u2019kan\u00eb vesh\u00eb apo q\u00eb nuk shohin\u2026<\/p>\n<p>K\u00ebto pasoja shoh. Nuk jan\u00eb fantazi, por realitete q\u00eb i kemi kaluar m\u00eb par\u00eb dhe shoq\u00ebri t\u00eb tjera i kan\u00eb p\u00ebrjetuar dhe i p\u00ebrjetojn\u00eb. Turqia \u00ebsht\u00eb rasti m\u00eb i fresk\u00ebt i k\u00ebture 30 viteve t\u00eb fundit\u2026<\/p>\n<p>Ndaj them se mbajtja n\u00eb pushtet deri n\u00eb qelbje t\u00eb nj\u00eb njeriu, n\u00eb shoq\u00ebri si e jona \u00ebsht\u00eb skenari m\u00eb i keq edhe p\u00ebr ata q\u00eb kontribojn\u00eb p\u00ebr ta mbajtur.<\/p>\n<p>Askush t\u00eb mos ket\u00eb iluzion se e ka mir\u00eb me T\u00eb, sepse e ka mb\u00ebshtetur n\u00eb gormarrll\u00ebqe. Ai djall\u00ebzisht hiqet si gomar, q\u00eb t\u00eb legjitimoj\u00eb veten nes\u00ebr t\u00eb gjuaj\u00eb me shqelm ata q\u00eb i shkojn\u00eb pas. Fiks si gomari\u2026!<\/p>\n<p>Ndaj kujdes me at\u00eb vot\u00eb. \u00cbsht\u00eb vendimtare k\u00ebt\u00eb her\u00eb.<\/p>\n<p>Fshehja pas \u201cpaaft\u00ebsis\u00eb s\u00eb Lulit\u201d nuk ndihmon. Luli, megjith\u00eb t\u00eb metat e tij, nuk na ngush\u00ebllon dot, aq m\u00eb pak t\u00eb justifikoj\u00eb zgjedhjen e gabuar p\u00ebr vendin.<\/p>\n<p>Ndryshimi i pushtetit \u00ebsht\u00eb e mir\u00eb p\u00ebr t\u00eb gjith\u00eb, pa p\u00ebrjashtim. Edhe p\u00ebr vet\u00eb gomarin.<\/p>\n<p>&nbsp;<\/p>\n","protected":false},"excerpt":{"rendered":"<p>Nga Ylli Manjani N\u00ebse\u2026 Nuk besoj se do ndodh\u00eb, por dua t\u00eb them se po ndodhi, pra q\u00eb Edi Rama t\u00eb konfirmohet n\u00eb pushtet pas k\u00ebtyre zgjedhjeve, e konsideroj skenarin m\u00eb t\u00eb keq t\u00eb mundsh\u00ebm. Konfirmimi e tij n\u00eb pushtet, n\u00eb kushtet kur s\u2019ka l\u00ebn\u00eb gj\u00eb pa b\u00ebr\u00eb dhe tani n\u00eb fund shfaqet si gomar [&hellip;]<\/p>\n","protected":false},"author":2016,"featured_media":174031,"comment_status":"closed","ping_status":"closed","sticky":false,"template":"","format":"standard","meta":{"footnotes":""},"categories":[241],"tags":[946],"class_list":{"0":"post-174029","1":"post","2":"type-post","3":"status-publish","4":"format-standard","5":"has-post-thumbnail","7":"category-aktualitet","8":"tag-lajme-zjarr-flet-ylli-manjani-zjarr-tv"},"_links":{"self":[{"href":"https:\/\/zjarr.tv\/sq\/wp-json\/wp\/v2\/posts\/174029","targetHints":{"allow":["GET"]}}],"collection":[{"href":"https:\/\/zjarr.tv\/sq\/wp-json\/wp\/v2\/posts"}],"about":[{"href":"https:\/\/zjarr.tv\/sq\/wp-json\/wp\/v2\/types\/post"}],"author":[{"embeddable":true,"href":"https:\/\/zjarr.tv\/sq\/wp-json\/wp\/v2\/users\/2016"}],"replies":[{"embeddable":true,"href":"https:\/\/zjarr.tv\/sq\/wp-json\/wp\/v2\/comments?post=174029"}],"version-history":[{"count":0,"href":"https:\/\/zjarr.tv\/sq\/wp-json\/wp\/v2\/posts\/174029\/revisions"}],"wp:featuredmedia":[{"embeddable":true,"href":"https:\/\/zjarr.tv\/sq\/wp-json\/wp\/v2\/media\/174031"}],"wp:attachment":[{"href":"https:\/\/zjarr.tv\/sq\/wp-json\/wp\/v2\/media?parent=174029"}],"wp:term":[{"taxonomy":"category","embeddable":true,"href":"https:\/\/zjarr.tv\/sq\/wp-json\/wp\/v2\/categories?post=174029"},{"taxonomy":"post_tag","embeddable":true,"href":"https:\/\/zjarr.tv\/sq\/wp-json\/wp\/v2\/tags?post=174029"}],"curies":[{"name":"wp","href":"https:\/\/api.w.org\/{rel}","templated":true}]}}