{"id":174050,"date":"2021-04-02T11:27:05","date_gmt":"2021-04-02T09:27:05","guid":{"rendered":"https:\/\/zjarr.tv\/?p=174050"},"modified":"2021-04-02T11:27:19","modified_gmt":"2021-04-02T09:27:19","slug":"shikojeni-me-versace-punon-token-me-versace-punon-token-biznesmeni-i-prish-humorin-kryeministrit-e-kam-blere-te-tregu","status":"publish","type":"post","link":"https:\/\/zjarr.tv\/sq\/shikojeni-me-versace-punon-token-me-versace-punon-token-biznesmeni-i-prish-humorin-kryeministrit-e-kam-blere-te-tregu\/","title":{"rendered":"Shikojeni, me Versace punon tok\u00ebn, me Versace punon token,  biznesmeni i prish humorin Kryeministrit: E kam bler\u00eb te tregu\u2026"},"content":{"rendered":"<p>Kryeministri Rama, \u00ebsht\u00eb ndalur n\u00eb Berat, n\u00eb zon\u00ebn e Morav\u00ebs ku ka takuar disa bizmesmen\u00eb, q\u00eb merren me grumbullimin e frutave dhe perimeve.<\/p>\n<p>Duket se kreu i qeveris\u00eb, i cili ia ka xhepi q\u00eb t\u00eb vishet vet\u00ebm me marka, nuk e njeh opsionin e imitimit, me t\u00eb cilin vishen shumica e qytetar\u00ebve shqiptar\u00eb.<\/p>\n<p><strong>Rama:<\/strong>\u00a0Shikojeni, urdh\u00ebro, me versace punon tok\u00ebn. Me versace punon tok\u00ebn<\/p>\n<p><strong>Biznesmeni:<\/strong>\u00a0E kam marr te tregu, nuk e punoj un\u00eb tok\u00ebn<\/p>\n<p><strong>Rama:<\/strong>\u00a0Po se e punon babai, ti \u00e7far\u00eb b\u00ebn apo mbledh produktin<\/p>\n<p>&nbsp;<\/p>\n","protected":false},"excerpt":{"rendered":"<p>Kryeministri Rama, \u00ebsht\u00eb ndalur n\u00eb Berat, n\u00eb zon\u00ebn e Morav\u00ebs ku ka takuar disa bizmesmen\u00eb, q\u00eb merren me grumbullimin e frutave dhe perimeve. Duket se kreu i qeveris\u00eb, i cili ia ka xhepi q\u00eb t\u00eb vishet vet\u00ebm me marka, nuk e njeh opsionin e imitimit, me t\u00eb cilin vishen shumica e qytetar\u00ebve shqiptar\u00eb. Rama:\u00a0Shikojeni, urdh\u00ebro, [&hellip;]<\/p>\n","protected":false},"author":2016,"featured_media":174054,"comment_status":"closed","ping_status":"closed","sticky":false,"template":"","format":"standard","meta":{"footnotes":""},"categories":[241],"tags":[2074],"class_list":{"0":"post-174050","1":"post","2":"type-post","3":"status-publish","4":"format-standard","5":"has-post-thumbnail","7":"category-aktualitet","8":"tag-lajme-zjarr-biznesmeni-i-prish-humorin-kryeministrit-zjarr-tv"},"_links":{"self":[{"href":"https:\/\/zjarr.tv\/sq\/wp-json\/wp\/v2\/posts\/174050","targetHints":{"allow":["GET"]}}],"collection":[{"href":"https:\/\/zjarr.tv\/sq\/wp-json\/wp\/v2\/posts"}],"about":[{"href":"https:\/\/zjarr.tv\/sq\/wp-json\/wp\/v2\/types\/post"}],"author":[{"embeddable":true,"href":"https:\/\/zjarr.tv\/sq\/wp-json\/wp\/v2\/users\/2016"}],"replies":[{"embeddable":true,"href":"https:\/\/zjarr.tv\/sq\/wp-json\/wp\/v2\/comments?post=174050"}],"version-history":[{"count":0,"href":"https:\/\/zjarr.tv\/sq\/wp-json\/wp\/v2\/posts\/174050\/revisions"}],"wp:featuredmedia":[{"embeddable":true,"href":"https:\/\/zjarr.tv\/sq\/wp-json\/wp\/v2\/media\/174054"}],"wp:attachment":[{"href":"https:\/\/zjarr.tv\/sq\/wp-json\/wp\/v2\/media?parent=174050"}],"wp:term":[{"taxonomy":"category","embeddable":true,"href":"https:\/\/zjarr.tv\/sq\/wp-json\/wp\/v2\/categories?post=174050"},{"taxonomy":"post_tag","embeddable":true,"href":"https:\/\/zjarr.tv\/sq\/wp-json\/wp\/v2\/tags?post=174050"}],"curies":[{"name":"wp","href":"https:\/\/api.w.org\/{rel}","templated":true}]}}