{"id":174055,"date":"2021-04-02T11:34:21","date_gmt":"2021-04-02T09:34:21","guid":{"rendered":"https:\/\/zjarr.tv\/?p=174055"},"modified":"2021-04-02T11:35:00","modified_gmt":"2021-04-02T09:35:00","slug":"vellai-i-njerit-prej-martireve-heq-kurorat-me-lule-te-jozefina-topallit","status":"publish","type":"post","link":"https:\/\/zjarr.tv\/sq\/vellai-i-njerit-prej-martireve-heq-kurorat-me-lule-te-jozefina-topallit\/","title":{"rendered":"V\u00ebllai i nj\u00ebrit prej martir\u00ebve, heq kurorat me lule t\u00eb Jozefina Topallit\u2026"},"content":{"rendered":"<p>Jozefina Topalli, s\u00eb bashku me p\u00ebrfaq\u00ebsuesit e tjer\u00eb t\u00eb Partis\u00eb s\u00eb saj, ka vendosur lule n\u00eb lapidarin e kat\u00ebr d\u00ebshmor\u00ebve t\u00eb demokracis\u00eb n\u00eb Shkod\u00ebr.<\/p>\n<p>Por ajo \u00e7far\u00eb ra n\u00eb sy menj\u00ebher\u00eb pas largimit t\u00eb Topallit \u00ebsht\u00eb largimi i luleve t\u00eb ish-kryeparlamentares nga v\u00ebllai i nj\u00ebrit prej martir\u00ebve, Ahmet Kryeziu. Ky i fundit shihet teksa largon nga lapidar t\u00eb gjitha lulet e vendosura nga Partia e Jozefina Topallit, ndon\u00ebse nj\u00ebra prej kurorave t\u00eb luleve \u00ebsht\u00eb vendosur edhe nga mbesa e tij Adela Kryeziu, e cila \u00ebsht\u00eb dhe kandidatja e dyt\u00eb e Partis\u00eb \u201cL\u00ebvizja p\u00ebr Ndryshim\u201d.<\/p>\n<p>&nbsp;<\/p>\n","protected":false},"excerpt":{"rendered":"<p>Jozefina Topalli, s\u00eb bashku me p\u00ebrfaq\u00ebsuesit e tjer\u00eb t\u00eb Partis\u00eb s\u00eb saj, ka vendosur lule n\u00eb lapidarin e kat\u00ebr d\u00ebshmor\u00ebve t\u00eb demokracis\u00eb n\u00eb Shkod\u00ebr. Por ajo \u00e7far\u00eb ra n\u00eb sy menj\u00ebher\u00eb pas largimit t\u00eb Topallit \u00ebsht\u00eb largimi i luleve t\u00eb ish-kryeparlamentares nga v\u00ebllai i nj\u00ebrit prej martir\u00ebve, Ahmet Kryeziu. Ky i fundit shihet teksa largon [&hellip;]<\/p>\n","protected":false},"author":2016,"featured_media":174057,"comment_status":"closed","ping_status":"closed","sticky":false,"template":"","format":"standard","meta":{"footnotes":""},"categories":[241],"tags":[2075],"class_list":{"0":"post-174055","1":"post","2":"type-post","3":"status-publish","4":"format-standard","5":"has-post-thumbnail","7":"category-aktualitet","8":"tag-lajme-zjarr-vellai-i-njerit-prej-martireve-heq-kurorat-me-lule-zjarr-tv"},"_links":{"self":[{"href":"https:\/\/zjarr.tv\/sq\/wp-json\/wp\/v2\/posts\/174055","targetHints":{"allow":["GET"]}}],"collection":[{"href":"https:\/\/zjarr.tv\/sq\/wp-json\/wp\/v2\/posts"}],"about":[{"href":"https:\/\/zjarr.tv\/sq\/wp-json\/wp\/v2\/types\/post"}],"author":[{"embeddable":true,"href":"https:\/\/zjarr.tv\/sq\/wp-json\/wp\/v2\/users\/2016"}],"replies":[{"embeddable":true,"href":"https:\/\/zjarr.tv\/sq\/wp-json\/wp\/v2\/comments?post=174055"}],"version-history":[{"count":0,"href":"https:\/\/zjarr.tv\/sq\/wp-json\/wp\/v2\/posts\/174055\/revisions"}],"wp:featuredmedia":[{"embeddable":true,"href":"https:\/\/zjarr.tv\/sq\/wp-json\/wp\/v2\/media\/174057"}],"wp:attachment":[{"href":"https:\/\/zjarr.tv\/sq\/wp-json\/wp\/v2\/media?parent=174055"}],"wp:term":[{"taxonomy":"category","embeddable":true,"href":"https:\/\/zjarr.tv\/sq\/wp-json\/wp\/v2\/categories?post=174055"},{"taxonomy":"post_tag","embeddable":true,"href":"https:\/\/zjarr.tv\/sq\/wp-json\/wp\/v2\/tags?post=174055"}],"curies":[{"name":"wp","href":"https:\/\/api.w.org\/{rel}","templated":true}]}}