{"id":174058,"date":"2021-04-02T11:49:00","date_gmt":"2021-04-02T09:49:00","guid":{"rendered":"https:\/\/zjarr.tv\/?p=174058"},"modified":"2021-04-02T11:49:19","modified_gmt":"2021-04-02T09:49:19","slug":"mark-marku-braktis-per-disa-dite-fushaten-shihemi-se-shpejti-miq","status":"publish","type":"post","link":"https:\/\/zjarr.tv\/sq\/mark-marku-braktis-per-disa-dite-fushaten-shihemi-se-shpejti-miq\/","title":{"rendered":"Mark Marku braktis p\u00ebr disa dit\u00eb fushat\u00ebn\/ Shihemi s\u00eb shpejti miq\u2026"},"content":{"rendered":"<p>Mark Marku, kandidat i PD-s\u00eb n\u00eb Qarkun e Lezh\u00ebs, ka rezultuar pozitiv, gj\u00eb e cila i kusht\u00ebzon pjes\u00ebmarrjen p\u00ebr disa dit\u00eb n\u00eb fushat\u00ebn elektorale. K\u00ebt\u00eb lajm, e ka b\u00ebr\u00eb t\u00eb ditur vet\u00eb Marku, n\u00ebp\u00ebrmjet nj\u00eb postimi n\u00eb rrjetet sociale, ku thot\u00eb s\u2019e gjendja e tij \u00ebsht\u00eb e mire dhe ka rezultuar asimtomatik\u00eb, megjithat\u00eb vijon t\u00eb jet\u00eb n\u00eb kontakt t\u00eb ngusht\u00eb me mjek\u00ebt.<\/p>\n<p>Mark Marku:\u00a0<em>T\u00eb dashur miq! Para tre dit\u00ebsh, pasi b\u00ebra tamponin dhe kontrollet mjek\u00ebsore rutin\u00eb kam rezultuar pozitiv me kovid.\u00a0Ju falenderoj p\u00ebrzem\u00ebrsisht p\u00ebr qindra mesazhet mb\u00ebshtet\u00ebse, q\u00eb kam marr\u00eb prej jush k\u00ebto dit\u00eb.<\/em><\/p>\n<p><em>Jam n\u00eb gj\u00ebndje t\u00eb mir\u00eb sh\u00ebndet\u00ebsore, asimptomatik dhe, p\u00ebr t\u2019ju ruajtur sh\u00ebndetin kam munguar n\u00eb takimet zgjedhore.<\/em><\/p>\n<p><em>Do t\u00eb mungoj edhe disa dit\u00eb, duke ndjekur k\u00ebshillat e mjek\u00ebve t\u00eb cil\u00ebt gjej rastin t\u2019i falenderoj p\u00ebr p\u00ebrkushtimin, profesionalizmin dhe mb\u00ebshtetjen e pakursyer njer\u00ebzore.Ve\u00e7an\u00ebrisht, dua t\u00eb falenderoj mikun dhe mjekun e shk\u00eblqyer; Prof. As. Dr. Krenar Lilaj. Shihemi s\u00eb shpejti, mes miqsh.<\/em><\/p>\n","protected":false},"excerpt":{"rendered":"<p>Mark Marku, kandidat i PD-s\u00eb n\u00eb Qarkun e Lezh\u00ebs, ka rezultuar pozitiv, gj\u00eb e cila i kusht\u00ebzon pjes\u00ebmarrjen p\u00ebr disa dit\u00eb n\u00eb fushat\u00ebn elektorale. K\u00ebt\u00eb lajm, e ka b\u00ebr\u00eb t\u00eb ditur vet\u00eb Marku, n\u00ebp\u00ebrmjet nj\u00eb postimi n\u00eb rrjetet sociale, ku thot\u00eb s\u2019e gjendja e tij \u00ebsht\u00eb e mire dhe ka rezultuar asimtomatik\u00eb, megjithat\u00eb vijon t\u00eb [&hellip;]<\/p>\n","protected":false},"author":2016,"featured_media":174060,"comment_status":"closed","ping_status":"closed","sticky":false,"template":"","format":"standard","meta":{"footnotes":""},"categories":[241],"tags":[2076],"class_list":{"0":"post-174058","1":"post","2":"type-post","3":"status-publish","4":"format-standard","5":"has-post-thumbnail","7":"category-aktualitet","8":"tag-lajme-zjarr-marku-braktis-per-disa-dite-fushaten-zjarr-tv"},"_links":{"self":[{"href":"https:\/\/zjarr.tv\/sq\/wp-json\/wp\/v2\/posts\/174058","targetHints":{"allow":["GET"]}}],"collection":[{"href":"https:\/\/zjarr.tv\/sq\/wp-json\/wp\/v2\/posts"}],"about":[{"href":"https:\/\/zjarr.tv\/sq\/wp-json\/wp\/v2\/types\/post"}],"author":[{"embeddable":true,"href":"https:\/\/zjarr.tv\/sq\/wp-json\/wp\/v2\/users\/2016"}],"replies":[{"embeddable":true,"href":"https:\/\/zjarr.tv\/sq\/wp-json\/wp\/v2\/comments?post=174058"}],"version-history":[{"count":0,"href":"https:\/\/zjarr.tv\/sq\/wp-json\/wp\/v2\/posts\/174058\/revisions"}],"wp:featuredmedia":[{"embeddable":true,"href":"https:\/\/zjarr.tv\/sq\/wp-json\/wp\/v2\/media\/174060"}],"wp:attachment":[{"href":"https:\/\/zjarr.tv\/sq\/wp-json\/wp\/v2\/media?parent=174058"}],"wp:term":[{"taxonomy":"category","embeddable":true,"href":"https:\/\/zjarr.tv\/sq\/wp-json\/wp\/v2\/categories?post=174058"},{"taxonomy":"post_tag","embeddable":true,"href":"https:\/\/zjarr.tv\/sq\/wp-json\/wp\/v2\/tags?post=174058"}],"curies":[{"name":"wp","href":"https:\/\/api.w.org\/{rel}","templated":true}]}}