{"id":174068,"date":"2021-04-02T12:21:44","date_gmt":"2021-04-02T10:21:44","guid":{"rendered":"https:\/\/zjarr.tv\/?p=174068"},"modified":"2021-04-02T12:24:11","modified_gmt":"2021-04-02T10:24:11","slug":"lulzim-basha-pritje-spektakolare-nga-kuksianet-vota-per-numrin-9-eshte-vote-per-heqjen-e-traut-dhe-cdo-pengese","status":"publish","type":"post","link":"https:\/\/zjarr.tv\/sq\/lulzim-basha-pritje-spektakolare-nga-kuksianet-vota-per-numrin-9-eshte-vote-per-heqjen-e-traut-dhe-cdo-pengese\/","title":{"rendered":"Lulzim Basha pritje spektakolare nga kuksian\u00ebt: Vota p\u00ebr numrin 9, \u00ebsht\u00eb vot\u00eb p\u00ebr heqjen e traut dhe \u00e7do pengese\u2026"},"content":{"rendered":"<p>Dit\u00ebn e sotme, kryetari i Partis\u00eb Demokratike, Lulzim Basha, ka zhvilluar nj\u00eb takim elektoral n\u00eb qytetin e Kuk\u00ebsit, pran\u00eb tunelit t\u00eb Kalimashit. Basha u ka premtuar kuksian\u00ebve se pas 25 Prillit, trau q\u00eb ndan Shqip\u00ebrin\u00eb me Kosov\u00ebn nuk do t\u00eb ekzistoj\u00eb m\u00eb.<\/p>\n<p><em>\u201cShikojeni edhe tre jav\u00eb k\u00ebt\u00eb tra. M\u00eb 25 prill Shqip\u00ebria voton ndryshimin. Kuk\u00ebsi voton ndryshimin dhe ndryshimi i par\u00eb p\u00ebr \u00e7do shqiptar nga Konispoli n\u00eb Podujev\u00eb do t\u00eb jet\u00eb heqja e traut. Nuk ka kaluar shum\u00eb koh\u00eb nga ai moment q\u00eb na i mbushi zemrat me nj\u00eb besim si qytetar\u00eb t\u00eb nj\u00eb kombi q\u00eb nd\u00ebrtoi tunelin m\u00eb t\u00eb gjat\u00eb n\u00eb Ballkan dhe lidhi Shqip\u00ebrin\u00eb me Kosov\u00ebn. Vota p\u00ebr nr 9 \u00ebsht\u00eb vota p\u00ebr heqjen e traut dhe \u00e7do pengese,\u201d<\/em>\u00a0tha Basha.<\/p>\n<p>&nbsp;<\/p>\n","protected":false},"excerpt":{"rendered":"<p>Dit\u00ebn e sotme, kryetari i Partis\u00eb Demokratike, Lulzim Basha, ka zhvilluar nj\u00eb takim elektoral n\u00eb qytetin e Kuk\u00ebsit, pran\u00eb tunelit t\u00eb Kalimashit. Basha u ka premtuar kuksian\u00ebve se pas 25 Prillit, trau q\u00eb ndan Shqip\u00ebrin\u00eb me Kosov\u00ebn nuk do t\u00eb ekzistoj\u00eb m\u00eb. \u201cShikojeni edhe tre jav\u00eb k\u00ebt\u00eb tra. M\u00eb 25 prill Shqip\u00ebria voton ndryshimin. Kuk\u00ebsi [&hellip;]<\/p>\n","protected":false},"author":2016,"featured_media":174070,"comment_status":"closed","ping_status":"closed","sticky":false,"template":"","format":"standard","meta":{"footnotes":""},"categories":[241],"tags":[2079],"class_list":{"0":"post-174068","1":"post","2":"type-post","3":"status-publish","4":"format-standard","5":"has-post-thumbnail","7":"category-aktualitet","8":"tag-lajme-zjarr-basha-pritje-spektakolare-nga-kuksianet-zjarr-tv"},"_links":{"self":[{"href":"https:\/\/zjarr.tv\/sq\/wp-json\/wp\/v2\/posts\/174068","targetHints":{"allow":["GET"]}}],"collection":[{"href":"https:\/\/zjarr.tv\/sq\/wp-json\/wp\/v2\/posts"}],"about":[{"href":"https:\/\/zjarr.tv\/sq\/wp-json\/wp\/v2\/types\/post"}],"author":[{"embeddable":true,"href":"https:\/\/zjarr.tv\/sq\/wp-json\/wp\/v2\/users\/2016"}],"replies":[{"embeddable":true,"href":"https:\/\/zjarr.tv\/sq\/wp-json\/wp\/v2\/comments?post=174068"}],"version-history":[{"count":0,"href":"https:\/\/zjarr.tv\/sq\/wp-json\/wp\/v2\/posts\/174068\/revisions"}],"wp:featuredmedia":[{"embeddable":true,"href":"https:\/\/zjarr.tv\/sq\/wp-json\/wp\/v2\/media\/174070"}],"wp:attachment":[{"href":"https:\/\/zjarr.tv\/sq\/wp-json\/wp\/v2\/media?parent=174068"}],"wp:term":[{"taxonomy":"category","embeddable":true,"href":"https:\/\/zjarr.tv\/sq\/wp-json\/wp\/v2\/categories?post=174068"},{"taxonomy":"post_tag","embeddable":true,"href":"https:\/\/zjarr.tv\/sq\/wp-json\/wp\/v2\/tags?post=174068"}],"curies":[{"name":"wp","href":"https:\/\/api.w.org\/{rel}","templated":true}]}}