{"id":174077,"date":"2021-04-02T13:06:35","date_gmt":"2021-04-02T11:06:35","guid":{"rendered":"https:\/\/zjarr.tv\/?p=174077"},"modified":"2021-04-02T13:06:35","modified_gmt":"2021-04-02T11:06:35","slug":"komiteti-i-eksperteve-per-vaksinat-nuk-ka-raste-fatalitetesh-qe-lidhen-me-aplikimin-e-vaksines","status":"publish","type":"post","link":"https:\/\/zjarr.tv\/sq\/komiteti-i-eksperteve-per-vaksinat-nuk-ka-raste-fatalitetesh-qe-lidhen-me-aplikimin-e-vaksines\/","title":{"rendered":"Komiteti i Ekspert\u00ebve p\u00ebr Vaksinat: Nuk ka raste fatalitetesh q\u00eb lidhen me aplikimin e vaksin\u00ebs"},"content":{"rendered":"<p>Komiteti i Ekspert\u00ebve p\u00ebr Vler\u00ebsimin e Efekteve t\u00eb Pad\u00ebshiruara Pasvaksinore i ngritur me urdh\u00ebr t\u00eb dat\u00ebs 08.01.2021 dhe i p\u00ebrb\u00ebr\u00eb nga farmakolog\u00eb, imunolog\u00eb, infeksionist\u00eb, alergolog\u00eb, specialist\u00eb t\u00eb sh\u00ebndetit publik, i kryesuar nga prof. dr. Gjeorgjina Kuli\/Lito shqyrton periodikisht efektet e vaksinave anticovid.<\/p>\n<p>B\u00ebjm\u00eb me dije se deri m\u00eb sot nuk ka asnj\u00eb rast t\u00eb fataliteteve q\u00eb lidhen me vaksin\u00ebn dhe procesin e vaksinimit ndaj koronavirusit.<\/p>\n<p>Sipas vendimit t\u00eb Komitetit t\u00eb Ekspert\u00ebve p\u00ebr Vler\u00ebsimin e Efekteve t\u00eb Pad\u00ebshiruara Pasvaksinore p\u00ebr 2 rastet e fatalitetit t\u00eb pacient\u00ebve t\u00eb cil\u00ebve u ishte aplikuar vaksina, nuk ka lidhje shkak-pasoj\u00eb me aplikimin e vaksin\u00ebs.<\/p>\n<p>Komiteti Ekspert\u00ebve p\u00ebr Vler\u00ebsimin e Efekteve t\u00eb Pad\u00ebshiruara Pasvaksinore thekson se nuk ka asnj\u00eb t\u00eb dh\u00ebn\u00eb bind\u00ebse, apo argument shkencor, konfirmues q\u00eb t\u00eb v\u00ebrtetoj\u00eb apo demostroj\u00eb nj\u00eb lidhje shkak\u00ebsore midis procesit t\u00eb vaksinimit ndaj koronavirusit dhe ngjarjeve fatale t\u00eb raportuara.<\/p>\n<p>Komiteti Ekspert\u00ebve p\u00ebr Vler\u00ebsimin e Efekteve t\u00eb Pad\u00ebshiruara Pasvaksinore do t\u00eb vazhdoj\u00eb t\u00eb jet\u00eb n\u00eb v\u00ebzhgim t\u00eb gjith\u00eb raportimeve lidhur me ngjarje apo efekte t\u00eb pad\u00ebshiruara pas vaksinore n\u00eb m\u00ebnyr\u00eb q\u00eb t\u00eb siguroj\u00eb nj\u00eb proces sa m\u00eb t\u00eb sigurt dhe efikas.<\/p>\n","protected":false},"excerpt":{"rendered":"<p>Komiteti i Ekspert\u00ebve p\u00ebr Vler\u00ebsimin e Efekteve t\u00eb Pad\u00ebshiruara Pasvaksinore i ngritur me urdh\u00ebr t\u00eb dat\u00ebs 08.01.2021 dhe i p\u00ebrb\u00ebr\u00eb nga farmakolog\u00eb, imunolog\u00eb, infeksionist\u00eb, alergolog\u00eb, specialist\u00eb t\u00eb sh\u00ebndetit publik, i kryesuar nga prof. dr. Gjeorgjina Kuli\/Lito shqyrton periodikisht efektet e vaksinave anticovid. B\u00ebjm\u00eb me dije se deri m\u00eb sot nuk ka asnj\u00eb rast t\u00eb fataliteteve [&hellip;]<\/p>\n","protected":false},"author":2030,"featured_media":174078,"comment_status":"closed","ping_status":"closed","sticky":false,"template":"","format":"standard","meta":{"footnotes":""},"categories":[241],"tags":[],"class_list":{"0":"post-174077","1":"post","2":"type-post","3":"status-publish","4":"format-standard","5":"has-post-thumbnail","7":"category-aktualitet"},"_links":{"self":[{"href":"https:\/\/zjarr.tv\/sq\/wp-json\/wp\/v2\/posts\/174077","targetHints":{"allow":["GET"]}}],"collection":[{"href":"https:\/\/zjarr.tv\/sq\/wp-json\/wp\/v2\/posts"}],"about":[{"href":"https:\/\/zjarr.tv\/sq\/wp-json\/wp\/v2\/types\/post"}],"author":[{"embeddable":true,"href":"https:\/\/zjarr.tv\/sq\/wp-json\/wp\/v2\/users\/2030"}],"replies":[{"embeddable":true,"href":"https:\/\/zjarr.tv\/sq\/wp-json\/wp\/v2\/comments?post=174077"}],"version-history":[{"count":0,"href":"https:\/\/zjarr.tv\/sq\/wp-json\/wp\/v2\/posts\/174077\/revisions"}],"wp:featuredmedia":[{"embeddable":true,"href":"https:\/\/zjarr.tv\/sq\/wp-json\/wp\/v2\/media\/174078"}],"wp:attachment":[{"href":"https:\/\/zjarr.tv\/sq\/wp-json\/wp\/v2\/media?parent=174077"}],"wp:term":[{"taxonomy":"category","embeddable":true,"href":"https:\/\/zjarr.tv\/sq\/wp-json\/wp\/v2\/categories?post=174077"},{"taxonomy":"post_tag","embeddable":true,"href":"https:\/\/zjarr.tv\/sq\/wp-json\/wp\/v2\/tags?post=174077"}],"curies":[{"name":"wp","href":"https:\/\/api.w.org\/{rel}","templated":true}]}}